{"id":130,"date":"2021-11-22T17:49:28","date_gmt":"2021-11-22T17:49:28","guid":{"rendered":"https:\/\/polifoniared.com\/?p=130"},"modified":"2021-11-22T17:49:28","modified_gmt":"2021-11-22T17:49:28","slug":"desde-el-sofa-de-la-banda-stereoplan","status":"publish","type":"post","link":"https:\/\/polifoniared.com\/index.php\/2021\/11\/22\/desde-el-sofa-de-la-banda-stereoplan\/","title":{"rendered":"Desde el Sof\u00e1 de la banda Stereoplan."},"content":{"rendered":"\n<p> <strong>Stereoplan<\/strong>\u00a0es una banda de latin pop rock fusi\u00f3n formada en Estocolmo, Suecia en\u00a02017. La agrupaci\u00f3n est\u00e1 integrada por Anibal Keyman (voz, guitarra, cuatro Venezolano), Jonas Carre\u00f1o (teclados), Alex Schappas (bater\u00eda, percusi\u00f3n), Chris Candia (bajo), Alejandro Thomas (guitarra). Cuentan con un \u00e1lbum de estudio titulado\u00a0Degeneraci\u00f3n\u00a02020, grabado en NIOX Studios (Estocolmo, Suecia) bajo la producci\u00f3n\u00a0de\u00a0Melvin Honda y Anibal Keyman, mezclado por Christoffer Walin y Stina Johansson, y masterizado\u00a0por Alfredo Matheus Diez en Miami, Florida. \u00a0<\/p>\n\n\n\n<figure class=\"wp-block-image size-large\"><img loading=\"lazy\" decoding=\"async\" width=\"576\" height=\"1024\" src=\"https:\/\/polifoniared.com\/wp-content\/uploads\/2021\/11\/Pic-Stereo-3-576x1024.jpg\" alt=\"\" class=\"wp-image-131\" srcset=\"https:\/\/polifoniared.com\/wp-content\/uploads\/2021\/11\/Pic-Stereo-3-576x1024.jpg 576w, https:\/\/polifoniared.com\/wp-content\/uploads\/2021\/11\/Pic-Stereo-3-169x300.jpg 169w, https:\/\/polifoniared.com\/wp-content\/uploads\/2021\/11\/Pic-Stereo-3-450x800.jpg 450w, https:\/\/polifoniared.com\/wp-content\/uploads\/2021\/11\/Pic-Stereo-3.jpg 750w\" sizes=\"auto, (max-width: 576px) 100vw, 576px\" \/><\/figure>\n\n\n\n<p><strong>S<\/strong>urgen en Estocolmo, Suecia\u00a0tocando canciones de rock de los 80&#8217;s y 90&#8217;s en espa\u00f1ol e ingl\u00e9s.\u00a0La agrupaci\u00f3n\u00a0fusiona sus arraigadas ra\u00edces \u00a0y el folklore latinoamericano\u00a0con la energ\u00eda y las guitarras distorsionadas\u00a0del rock, a\u00f1adiendo ritmos e instrumentos t\u00edpicos como el cuatro venezolano, las congas cubanas y\u00a0tambores colombianos. A trav\u00e9s de su ecl\u00e9ctico sonido han\u00a0encontrado el\u00a0<em>match<\/em>\u00a0perfecto para sus producciones y shows, convirti\u00e9ndose en\u00a0una de las\u00a0agrupaciones\u00a0m\u00e1s populares dentro de su g\u00e9nero.<\/p>\n\n\n\n<figure class=\"wp-block-image size-full\"><img loading=\"lazy\" decoding=\"async\" width=\"959\" height=\"960\" src=\"https:\/\/polifoniared.com\/wp-content\/uploads\/2021\/11\/Pic-Stereo-4.jpg\" alt=\"\" class=\"wp-image-132\" srcset=\"https:\/\/polifoniared.com\/wp-content\/uploads\/2021\/11\/Pic-Stereo-4.jpg 959w, https:\/\/polifoniared.com\/wp-content\/uploads\/2021\/11\/Pic-Stereo-4-300x300.jpg 300w, https:\/\/polifoniared.com\/wp-content\/uploads\/2021\/11\/Pic-Stereo-4-150x150.jpg 150w, https:\/\/polifoniared.com\/wp-content\/uploads\/2021\/11\/Pic-Stereo-4-768x769.jpg 768w, https:\/\/polifoniared.com\/wp-content\/uploads\/2021\/11\/Pic-Stereo-4-450x450.jpg 450w, https:\/\/polifoniared.com\/wp-content\/uploads\/2021\/11\/Pic-Stereo-4-100x100.jpg 100w\" sizes=\"auto, (max-width: 959px) 100vw, 959px\" \/><\/figure>\n\n\n\n<p> La banda de rock latino<strong>\u00a0Stereoplan<\/strong>\u00a0promociona el sencillo &#8220;El Sof\u00e1&#8221;\u00a0en M\u00e9xico. El tema es una historia de desamor en la que el piano y las cuerdas como elementos\u00a0protag\u00f3nicos\u00a0nos narran el\u00a0lamento\u00a0profundo de un amor imposible con un final al estilo\u00a0balada rock. <\/p>\n\n\n\n<figure class=\"wp-block-embed is-type-video is-provider-youtube wp-block-embed-youtube wp-embed-aspect-16-9 wp-has-aspect-ratio\"><div class=\"wp-block-embed__wrapper\">\n<iframe loading=\"lazy\" title=\"Stereoplan - El Sof\u00e1 (Balada Rock en espa\u00f1ol)\" width=\"640\" height=\"360\" src=\"https:\/\/www.youtube.com\/embed\/Mcbun2bneQk?feature=oembed\" frameborder=\"0\" allow=\"accelerometer; autoplay; clipboard-write; encrypted-media; gyroscope; picture-in-picture; web-share\" referrerpolicy=\"strict-origin-when-cross-origin\" allowfullscreen><\/iframe>\n<\/div><\/figure>\n\n\n\n<figure class=\"wp-block-pullquote\"><blockquote><p> &#8220;Nos encantar\u00eda\u00a0visitar M\u00e9xico\u00a0y\u00a0compartir nuestra m\u00fasica con su gente. Nos sorprendi\u00f3 descubrir que en nuestro\u00a0sencillo TikTok Danza la\u00a0mayor\u00eda de comentarios son de seguidores mexicanos&#8221;,\u00a0comenta Anibal Keyman, compositor y vocalista del grupo. <\/p><\/blockquote><\/figure>\n\n\n\n<figure class=\"wp-block-image size-large\"><img loading=\"lazy\" decoding=\"async\" width=\"1024\" height=\"576\" src=\"https:\/\/polifoniared.com\/wp-content\/uploads\/2021\/11\/Pic-Stereo-2-1024x576.jpg\" alt=\"\" class=\"wp-image-133\" srcset=\"https:\/\/polifoniared.com\/wp-content\/uploads\/2021\/11\/Pic-Stereo-2-1024x576.jpg 1024w, https:\/\/polifoniared.com\/wp-content\/uploads\/2021\/11\/Pic-Stereo-2-300x169.jpg 300w, https:\/\/polifoniared.com\/wp-content\/uploads\/2021\/11\/Pic-Stereo-2-768x432.jpg 768w, https:\/\/polifoniared.com\/wp-content\/uploads\/2021\/11\/Pic-Stereo-2-450x253.jpg 450w, https:\/\/polifoniared.com\/wp-content\/uploads\/2021\/11\/Pic-Stereo-2.jpg 1440w\" sizes=\"auto, (max-width: 1024px) 100vw, 1024px\" \/><\/figure>\n\n\n\n<p><span class=\"has-inline-color has-dark-gray-color\"><strong>Fotos y texto cortes\u00eda<\/strong><\/span><\/p>\n","protected":false},"excerpt":{"rendered":"<p>Stereoplan\u00a0es una banda de latin pop rock fusi\u00f3n formada en Estocolmo, Suecia en\u00a02017. La agrupaci\u00f3n est\u00e1 integrada por Anibal Keyman (voz, guitarra, cuatro Venezolano), Jonas Carre\u00f1o (teclados), Alex Schappas (bater\u00eda, percusi\u00f3n), Chris Candia (bajo), Alejandro Thomas (guitarra). Cuentan con un \u00e1lbum de estudio titulado\u00a0Degeneraci\u00f3n\u00a02020, grabado en NIOX Studios (Estocolmo, Suecia) bajo la producci\u00f3n\u00a0de\u00a0Melvin Honda y &hellip; <\/p>\n<p class=\"link-more\"><a href=\"https:\/\/polifoniared.com\/index.php\/2021\/11\/22\/desde-el-sofa-de-la-banda-stereoplan\/\" class=\"more-link\">Continuar leyendo<span class=\"screen-reader-text\"> &#8220;Desde el Sof\u00e1 de la banda Stereoplan.&#8221;<\/span><\/a><\/p>\n","protected":false},"author":1,"featured_media":134,"comment_status":"open","ping_status":"closed","sticky":false,"template":"","format":"standard","meta":{"footnotes":""},"categories":[1],"tags":[38,22,43,42,44],"class_list":["post-130","post","type-post","status-publish","format-standard","has-post-thumbnail","hentry","category-uncategorized","tag-latino","tag-mexico","tag-nueva-musica","tag-propuestas","tag-rock","entry"],"_links":{"self":[{"href":"https:\/\/polifoniared.com\/index.php\/wp-json\/wp\/v2\/posts\/130","targetHints":{"allow":["GET"]}}],"collection":[{"href":"https:\/\/polifoniared.com\/index.php\/wp-json\/wp\/v2\/posts"}],"about":[{"href":"https:\/\/polifoniared.com\/index.php\/wp-json\/wp\/v2\/types\/post"}],"author":[{"embeddable":true,"href":"https:\/\/polifoniared.com\/index.php\/wp-json\/wp\/v2\/users\/1"}],"replies":[{"embeddable":true,"href":"https:\/\/polifoniared.com\/index.php\/wp-json\/wp\/v2\/comments?post=130"}],"version-history":[{"count":1,"href":"https:\/\/polifoniared.com\/index.php\/wp-json\/wp\/v2\/posts\/130\/revisions"}],"predecessor-version":[{"id":135,"href":"https:\/\/polifoniared.com\/index.php\/wp-json\/wp\/v2\/posts\/130\/revisions\/135"}],"wp:featuredmedia":[{"embeddable":true,"href":"https:\/\/polifoniared.com\/index.php\/wp-json\/wp\/v2\/media\/134"}],"wp:attachment":[{"href":"https:\/\/polifoniared.com\/index.php\/wp-json\/wp\/v2\/media?parent=130"}],"wp:term":[{"taxonomy":"category","embeddable":true,"href":"https:\/\/polifoniared.com\/index.php\/wp-json\/wp\/v2\/categories?post=130"},{"taxonomy":"post_tag","embeddable":true,"href":"https:\/\/polifoniared.com\/index.php\/wp-json\/wp\/v2\/tags?post=130"}],"curies":[{"name":"wp","href":"https:\/\/api.w.org\/{rel}","templated":true}]}}