{"id":137,"date":"2021-12-02T17:38:54","date_gmt":"2021-12-02T17:38:54","guid":{"rendered":"https:\/\/polifoniared.com\/?p=137"},"modified":"2021-12-02T17:38:54","modified_gmt":"2021-12-02T17:38:54","slug":"nancy-zamher-pone-a-vibrar-y-a-bailar-al-foro-hilvana-con-su-disco-raices","status":"publish","type":"post","link":"https:\/\/polifoniared.com\/index.php\/2021\/12\/02\/nancy-zamher-pone-a-vibrar-y-a-bailar-al-foro-hilvana-con-su-disco-raices\/","title":{"rendered":"Nancy Zamher pone a vibrar y a bailar al  Foro Hilvana con su disco Ra\u00edces."},"content":{"rendered":"\n<p>La cantautora mexicana,&nbsp;<strong>Nancy Zamher<\/strong>, present\u00f3, a full band, su nuevo disco&nbsp;<strong>Ra\u00edces<\/strong>&nbsp;en el Foro Cultural Hilvana, recinto que desde hace varios a\u00f1os ha apoyado proyectos musicales independientes de nuestro pa\u00eds.&nbsp;<\/p>\n\n\n\n<p>Con ritmos de Latinoam\u00e9rica y algunos otros como el rock y el funk, Zahmer puso a vibrar y a bailar a la mayor\u00eda de los asistentes a este concierto la tarde del domingo 28 de noviembre, un d\u00eda fresco para poder gozar de la m\u00fasica y de los diversos sonidos que forman parte de la inspiraci\u00f3n de la nueva producci\u00f3n discogr\u00e1fica de la cantora nacida en la Ciudad de M\u00e9xico.<\/p>\n\n\n\n<figure class=\"wp-block-image size-large\"><img loading=\"lazy\" decoding=\"async\" width=\"1024\" height=\"683\" src=\"https:\/\/polifoniared.com\/wp-content\/uploads\/2021\/12\/Nancy-Zamher-4-1024x683.jpg\" alt=\"\" class=\"wp-image-138\" srcset=\"https:\/\/polifoniared.com\/wp-content\/uploads\/2021\/12\/Nancy-Zamher-4-1024x683.jpg 1024w, https:\/\/polifoniared.com\/wp-content\/uploads\/2021\/12\/Nancy-Zamher-4-300x200.jpg 300w, https:\/\/polifoniared.com\/wp-content\/uploads\/2021\/12\/Nancy-Zamher-4-768x512.jpg 768w, https:\/\/polifoniared.com\/wp-content\/uploads\/2021\/12\/Nancy-Zamher-4-1536x1024.jpg 1536w, https:\/\/polifoniared.com\/wp-content\/uploads\/2021\/12\/Nancy-Zamher-4-2048x1365.jpg 2048w, https:\/\/polifoniared.com\/wp-content\/uploads\/2021\/12\/Nancy-Zamher-4-1568x1045.jpg 1568w, https:\/\/polifoniared.com\/wp-content\/uploads\/2021\/12\/Nancy-Zamher-4-450x300.jpg 450w\" sizes=\"auto, (max-width: 1024px) 100vw, 1024px\" \/><\/figure>\n\n\n\n<figure class=\"wp-block-image size-large\"><img loading=\"lazy\" decoding=\"async\" width=\"683\" height=\"1024\" src=\"https:\/\/polifoniared.com\/wp-content\/uploads\/2021\/12\/Nancy-Zamher-2-683x1024.jpg\" alt=\"\" class=\"wp-image-139\" srcset=\"https:\/\/polifoniared.com\/wp-content\/uploads\/2021\/12\/Nancy-Zamher-2-683x1024.jpg 683w, https:\/\/polifoniared.com\/wp-content\/uploads\/2021\/12\/Nancy-Zamher-2-200x300.jpg 200w, https:\/\/polifoniared.com\/wp-content\/uploads\/2021\/12\/Nancy-Zamher-2-768x1152.jpg 768w, https:\/\/polifoniared.com\/wp-content\/uploads\/2021\/12\/Nancy-Zamher-2-1024x1536.jpg 1024w, https:\/\/polifoniared.com\/wp-content\/uploads\/2021\/12\/Nancy-Zamher-2-1365x2048.jpg 1365w, https:\/\/polifoniared.com\/wp-content\/uploads\/2021\/12\/Nancy-Zamher-2-1568x2352.jpg 1568w, https:\/\/polifoniared.com\/wp-content\/uploads\/2021\/12\/Nancy-Zamher-2-450x675.jpg 450w, https:\/\/polifoniared.com\/wp-content\/uploads\/2021\/12\/Nancy-Zamher-2-scaled.jpg 1706w\" sizes=\"auto, (max-width: 683px) 100vw, 683px\" \/><\/figure>\n\n\n\n<p>En punto de las 18:30 hrs subi\u00f3 al escenario&nbsp;<strong>Nancy Zamher<\/strong>&nbsp;acompa\u00f1ada de grandes m\u00fasicos como respetable y talentoso,&nbsp;<strong>Jos\u00e9 Garcia Montemayor<\/strong>, en la guitarra y en la direcci\u00f3n musical. La noche comenz\u00f3 a tornarse con un sabor lleno de color y son, arrancando con las primeras canciones de la noche con&nbsp;<strong><em>Flor Violeta, Rio del tiempo, La Guardiana y Chocolate<\/em><\/strong>, misma que motiv\u00f3 el baile del p\u00fablico quien ocup\u00f3 la pista para sacarle brillo al ritmo de cumbia.&nbsp;<\/p>\n\n\n\n<p>Despu\u00e9s de este segmento,\u00a0<strong>Zamher<\/strong>\u00a0adelant\u00f3 canciones que ser\u00e1n parte de su segundo disco:\u00a0<strong>Es Imposible, \u00a0Que pase el oto\u00f1o y Mientras t\u00fa no estabas<\/strong>, un set rockero y poderoso que ella incorpor\u00f3, mientras que las voces de las coristas luc\u00edan al ritmo de rockabilly, la guitarra el\u00e9ctrica y la gran voz de Nancy sucumbi\u00f3 en todo el foro donde se notaba la influencia del rock en su m\u00fasica, pero apegada siempre a los ritmos de Am\u00e9rica Latina.<\/p>\n\n\n\n<figure class=\"wp-block-image size-large\"><img loading=\"lazy\" decoding=\"async\" width=\"1024\" height=\"683\" src=\"https:\/\/polifoniared.com\/wp-content\/uploads\/2021\/12\/Nancy-Zamher-3-1024x683.jpg\" alt=\"\" class=\"wp-image-140\" srcset=\"https:\/\/polifoniared.com\/wp-content\/uploads\/2021\/12\/Nancy-Zamher-3-1024x683.jpg 1024w, https:\/\/polifoniared.com\/wp-content\/uploads\/2021\/12\/Nancy-Zamher-3-300x200.jpg 300w, https:\/\/polifoniared.com\/wp-content\/uploads\/2021\/12\/Nancy-Zamher-3-768x512.jpg 768w, https:\/\/polifoniared.com\/wp-content\/uploads\/2021\/12\/Nancy-Zamher-3-1536x1024.jpg 1536w, https:\/\/polifoniared.com\/wp-content\/uploads\/2021\/12\/Nancy-Zamher-3-2048x1365.jpg 2048w, https:\/\/polifoniared.com\/wp-content\/uploads\/2021\/12\/Nancy-Zamher-3-1568x1045.jpg 1568w, https:\/\/polifoniared.com\/wp-content\/uploads\/2021\/12\/Nancy-Zamher-3-450x300.jpg 450w\" sizes=\"auto, (max-width: 1024px) 100vw, 1024px\" \/><\/figure>\n\n\n\n<p>Un momento emotivo fu\u00e9 cuando invit\u00f3 al centro de la pista a Marcelina, amiga y fundadora de la fundaci\u00f3n para trabajadoras dom\u00e9sticas, para dedicarle la canci\u00f3n del mismo nombre y de qui\u00e9n se inspir\u00f3 para crear esta melod\u00eda al ritmo de polka.<\/p>\n\n\n\n<p>Para cerrar la noche, cant\u00f3 los sencillos que fue dando a conocer previo al lanzamiento oficial de Ra\u00edces:\u00a0<strong>Gabriela, Sangre de Cacao y Amaranto,<\/strong>\u00a0himnos de su disco que le cantan a la cultura mexicana con un mestizaje de sonoridades y m\u00fasica popular mexicana, para cerrar la noche con baile y agradecimientos por todo el labor de los c\u00f3mplices que formaron parte de este lanzamiento tan especial del disco Ra\u00edces para cerrar el a\u00f1o.\u00a0<\/p>\n\n\n\n<figure class=\"wp-block-image size-large\"><img loading=\"lazy\" decoding=\"async\" width=\"1024\" height=\"683\" src=\"https:\/\/polifoniared.com\/wp-content\/uploads\/2021\/12\/Geo-Equihua-1-1-1024x683.jpg\" alt=\"\" class=\"wp-image-143\" srcset=\"https:\/\/polifoniared.com\/wp-content\/uploads\/2021\/12\/Geo-Equihua-1-1-1024x683.jpg 1024w, https:\/\/polifoniared.com\/wp-content\/uploads\/2021\/12\/Geo-Equihua-1-1-300x200.jpg 300w, https:\/\/polifoniared.com\/wp-content\/uploads\/2021\/12\/Geo-Equihua-1-1-768x512.jpg 768w, https:\/\/polifoniared.com\/wp-content\/uploads\/2021\/12\/Geo-Equihua-1-1-1536x1024.jpg 1536w, https:\/\/polifoniared.com\/wp-content\/uploads\/2021\/12\/Geo-Equihua-1-1-2048x1365.jpg 2048w, https:\/\/polifoniared.com\/wp-content\/uploads\/2021\/12\/Geo-Equihua-1-1-1568x1045.jpg 1568w, https:\/\/polifoniared.com\/wp-content\/uploads\/2021\/12\/Geo-Equihua-1-1-450x300.jpg 450w\" sizes=\"auto, (max-width: 1024px) 100vw, 1024px\" \/><\/figure>\n\n\n\n<p>Previo a la presentaci\u00f3n de\u00a0<strong>Nancy Zamher,<\/strong>\u00a0la compositora mexicana,\u00a0<strong>Geo Equihua,<\/strong>\u00a0fue la encargada de abrir la noche con sus canciones, mismas que crearon una atm\u00f3sfera en todo el lugar gracias a su voz tan expresiva y profunda.<\/p>\n\n\n\n<figure class=\"wp-block-image size-large\"><img loading=\"lazy\" decoding=\"async\" width=\"1024\" height=\"683\" src=\"https:\/\/polifoniared.com\/wp-content\/uploads\/2021\/12\/Geo-Equihua-2-1024x683.jpg\" alt=\"\" class=\"wp-image-142\" srcset=\"https:\/\/polifoniared.com\/wp-content\/uploads\/2021\/12\/Geo-Equihua-2-1024x683.jpg 1024w, https:\/\/polifoniared.com\/wp-content\/uploads\/2021\/12\/Geo-Equihua-2-300x200.jpg 300w, https:\/\/polifoniared.com\/wp-content\/uploads\/2021\/12\/Geo-Equihua-2-768x512.jpg 768w, https:\/\/polifoniared.com\/wp-content\/uploads\/2021\/12\/Geo-Equihua-2-1536x1024.jpg 1536w, https:\/\/polifoniared.com\/wp-content\/uploads\/2021\/12\/Geo-Equihua-2-2048x1365.jpg 2048w, https:\/\/polifoniared.com\/wp-content\/uploads\/2021\/12\/Geo-Equihua-2-1568x1045.jpg 1568w, https:\/\/polifoniared.com\/wp-content\/uploads\/2021\/12\/Geo-Equihua-2-450x300.jpg 450w\" sizes=\"auto, (max-width: 1024px) 100vw, 1024px\" \/><\/figure>\n\n\n\n<p>Texto y fotos cortes\u00eda de @frequencymx y @pblancalechuza<\/p>\n","protected":false},"excerpt":{"rendered":"<p>La cantautora mexicana,&nbsp;Nancy Zamher, present\u00f3, a full band, su nuevo disco&nbsp;Ra\u00edces&nbsp;en el Foro Cultural Hilvana, recinto que desde hace varios a\u00f1os ha apoyado proyectos musicales independientes de nuestro pa\u00eds.&nbsp; Con ritmos de Latinoam\u00e9rica y algunos otros como el rock y el funk, Zahmer puso a vibrar y a bailar a la mayor\u00eda de los asistentes &hellip; <\/p>\n<p class=\"link-more\"><a href=\"https:\/\/polifoniared.com\/index.php\/2021\/12\/02\/nancy-zamher-pone-a-vibrar-y-a-bailar-al-foro-hilvana-con-su-disco-raices\/\" class=\"more-link\">Continuar leyendo<span class=\"screen-reader-text\"> &#8220;Nancy Zamher pone a vibrar y a bailar al  Foro Hilvana con su disco Ra\u00edces.&#8221;<\/span><\/a><\/p>\n","protected":false},"author":1,"featured_media":144,"comment_status":"open","ping_status":"closed","sticky":false,"template":"","format":"standard","meta":{"footnotes":""},"categories":[17],"tags":[45,19,23,33,24],"class_list":["post-137","post","type-post","status-publish","format-standard","has-post-thumbnail","hentry","category-musica","tag-arte","tag-conciertos","tag-cultura","tag-mujeres","tag-pop","entry"],"_links":{"self":[{"href":"https:\/\/polifoniared.com\/index.php\/wp-json\/wp\/v2\/posts\/137","targetHints":{"allow":["GET"]}}],"collection":[{"href":"https:\/\/polifoniared.com\/index.php\/wp-json\/wp\/v2\/posts"}],"about":[{"href":"https:\/\/polifoniared.com\/index.php\/wp-json\/wp\/v2\/types\/post"}],"author":[{"embeddable":true,"href":"https:\/\/polifoniared.com\/index.php\/wp-json\/wp\/v2\/users\/1"}],"replies":[{"embeddable":true,"href":"https:\/\/polifoniared.com\/index.php\/wp-json\/wp\/v2\/comments?post=137"}],"version-history":[{"count":1,"href":"https:\/\/polifoniared.com\/index.php\/wp-json\/wp\/v2\/posts\/137\/revisions"}],"predecessor-version":[{"id":145,"href":"https:\/\/polifoniared.com\/index.php\/wp-json\/wp\/v2\/posts\/137\/revisions\/145"}],"wp:featuredmedia":[{"embeddable":true,"href":"https:\/\/polifoniared.com\/index.php\/wp-json\/wp\/v2\/media\/144"}],"wp:attachment":[{"href":"https:\/\/polifoniared.com\/index.php\/wp-json\/wp\/v2\/media?parent=137"}],"wp:term":[{"taxonomy":"category","embeddable":true,"href":"https:\/\/polifoniared.com\/index.php\/wp-json\/wp\/v2\/categories?post=137"},{"taxonomy":"post_tag","embeddable":true,"href":"https:\/\/polifoniared.com\/index.php\/wp-json\/wp\/v2\/tags?post=137"}],"curies":[{"name":"wp","href":"https:\/\/api.w.org\/{rel}","templated":true}]}}