{"id":263,"date":"2022-11-19T21:34:45","date_gmt":"2022-11-19T21:34:45","guid":{"rendered":"https:\/\/polifoniared.com\/?p=263"},"modified":"2022-11-19T21:34:45","modified_gmt":"2022-11-19T21:34:45","slug":"serbia-conquisto-el-teatro-de-la-ciudad-con-su-rock-regio","status":"publish","type":"post","link":"https:\/\/polifoniared.com\/index.php\/2022\/11\/19\/serbia-conquisto-el-teatro-de-la-ciudad-con-su-rock-regio\/","title":{"rendered":"Serbia conquist\u00f3 el Teatro de la ciudad con su rock regio."},"content":{"rendered":"\n<p class=\"has-pale-ocean-gradient-background has-background\">El cuarteto regiomontano <strong>Serbia<\/strong> se apoderaron del escenario del Teatro de la Ciudad, Esperanza Iris con un vibrante y extenso espect\u00e1culo , donde Ernesto Ort\u00edz (voz \/ guitarra), Eduardo V\u00e1zquez (bajo),\u00a0 Jos\u00e9 Pablo Garc\u00eda ( guitarra) y Daniel V\u00e1zquez(bater\u00eda) presentaron su gira \u00c6TERNUS ante un recinto lleno.<\/p>\n\n\n\n<p class=\"has-pale-ocean-gradient-background has-background\">A las 9 de la noche las luces se apagaron para recibir a la banda que estar\u00eda de regreso en la ciudad, tras venir de una gira por Europa, esto, como adelanto de lo que ser\u00e1 su pr\u00f3ximo \u00e1lbum Aeternus.<\/p>\n\n\n\n<figure class=\"wp-block-image size-large\"><img loading=\"lazy\" decoding=\"async\" width=\"1024\" height=\"768\" src=\"https:\/\/polifoniared.com\/wp-content\/uploads\/2022\/11\/IMG-20221112-WA0002-1024x768.jpg\" alt=\"\" class=\"wp-image-264\" srcset=\"https:\/\/polifoniared.com\/wp-content\/uploads\/2022\/11\/IMG-20221112-WA0002-1024x768.jpg 1024w, https:\/\/polifoniared.com\/wp-content\/uploads\/2022\/11\/IMG-20221112-WA0002-300x225.jpg 300w, https:\/\/polifoniared.com\/wp-content\/uploads\/2022\/11\/IMG-20221112-WA0002-768x576.jpg 768w, https:\/\/polifoniared.com\/wp-content\/uploads\/2022\/11\/IMG-20221112-WA0002-450x338.jpg 450w, https:\/\/polifoniared.com\/wp-content\/uploads\/2022\/11\/IMG-20221112-WA0002.jpg 1040w\" sizes=\"auto, (max-width: 1024px) 100vw, 1024px\" \/><\/figure>\n\n\n\n<figure class=\"wp-block-image size-large\"><img loading=\"lazy\" decoding=\"async\" width=\"1024\" height=\"512\" src=\"https:\/\/polifoniared.com\/wp-content\/uploads\/2022\/11\/IMG-20221111-WA0014-1024x512.jpg\" alt=\"\" class=\"wp-image-265\" srcset=\"https:\/\/polifoniared.com\/wp-content\/uploads\/2022\/11\/IMG-20221111-WA0014-1024x512.jpg 1024w, https:\/\/polifoniared.com\/wp-content\/uploads\/2022\/11\/IMG-20221111-WA0014-300x150.jpg 300w, https:\/\/polifoniared.com\/wp-content\/uploads\/2022\/11\/IMG-20221111-WA0014-768x384.jpg 768w, https:\/\/polifoniared.com\/wp-content\/uploads\/2022\/11\/IMG-20221111-WA0014-450x225.jpg 450w, https:\/\/polifoniared.com\/wp-content\/uploads\/2022\/11\/IMG-20221111-WA0014.jpg 1280w\" sizes=\"auto, (max-width: 1024px) 100vw, 1024px\" \/><\/figure>\n\n\n\n<p class=\"has-electric-grass-gradient-background has-background\">Buenas noches Ciudad de M\u00e9xico, aqu\u00ed estamos otra vez, a lo que los elogios no se hicieron esperar.<\/p>\n\n\n\n<p class=\"has-electric-grass-gradient-background has-background\">Para abrir el recital, optaron por &#8221; Melodram\u00e1tica&#8221; , el reciente sencillo. Este tiene un detonante golpeteo de bater\u00eda que sorprende , en tanto las rasgueos de guitarra envuelven el tema.<\/p>\n\n\n\n<p class=\"has-luminous-vivid-amber-to-luminous-vivid-orange-gradient-background has-background\">Nos llevaron desde su disco debut, en un extenso set list que abarcar\u00eda parte de sus discograf\u00eda. hasta su pr\u00f3ximo disco que fue el pretexto para convocar a sus seguidores en este concierto; y para recibir sus canciones que casi de manera ininterrumpida. <\/p>\n\n\n\n<figure class=\"wp-block-image size-large\"><img loading=\"lazy\" decoding=\"async\" width=\"1024\" height=\"768\" src=\"https:\/\/polifoniared.com\/wp-content\/uploads\/2022\/11\/IMG-20221111-WA0017-1024x768.jpg\" alt=\"\" class=\"wp-image-266\" srcset=\"https:\/\/polifoniared.com\/wp-content\/uploads\/2022\/11\/IMG-20221111-WA0017-1024x768.jpg 1024w, https:\/\/polifoniared.com\/wp-content\/uploads\/2022\/11\/IMG-20221111-WA0017-300x225.jpg 300w, https:\/\/polifoniared.com\/wp-content\/uploads\/2022\/11\/IMG-20221111-WA0017-768x576.jpg 768w, https:\/\/polifoniared.com\/wp-content\/uploads\/2022\/11\/IMG-20221111-WA0017-450x338.jpg 450w, https:\/\/polifoniared.com\/wp-content\/uploads\/2022\/11\/IMG-20221111-WA0017.jpg 1040w\" sizes=\"auto, (max-width: 1024px) 100vw, 1024px\" \/><\/figure>\n\n\n\n<figure class=\"wp-block-image size-large\"><img loading=\"lazy\" decoding=\"async\" width=\"1024\" height=\"768\" src=\"https:\/\/polifoniared.com\/wp-content\/uploads\/2022\/11\/IMG-20221112-WA0001-1024x768.jpg\" alt=\"\" class=\"wp-image-267\" srcset=\"https:\/\/polifoniared.com\/wp-content\/uploads\/2022\/11\/IMG-20221112-WA0001-1024x768.jpg 1024w, https:\/\/polifoniared.com\/wp-content\/uploads\/2022\/11\/IMG-20221112-WA0001-300x225.jpg 300w, https:\/\/polifoniared.com\/wp-content\/uploads\/2022\/11\/IMG-20221112-WA0001-768x576.jpg 768w, https:\/\/polifoniared.com\/wp-content\/uploads\/2022\/11\/IMG-20221112-WA0001-450x338.jpg 450w, https:\/\/polifoniared.com\/wp-content\/uploads\/2022\/11\/IMG-20221112-WA0001.jpg 1040w\" sizes=\"auto, (max-width: 1024px) 100vw, 1024px\" \/><\/figure>\n\n\n\n<p class=\"has-luminous-dusk-gradient-background has-background\">Serbia decidi\u00f3 llevarnos de su repertorio de sus inicios hasta aterizar en lo m\u00e1s nuevo. &#8220;Acost\u00fambrame &#8220;, fue la segunda canci\u00f3n de la noche , con sus destellos de riffs de guitarra el p\u00fablico enloqueci\u00f3. Haciendo que comenzara una celebraci\u00f3n de rock que se viviria en el emblem\u00e1tico teatro del&nbsp; coraz\u00f3n de las Ciudad de M\u00e9xico.<\/p>\n\n\n\n<p class=\"has-luminous-dusk-gradient-background has-background\">Su disco corto Sat\u00e9lites , form\u00f3 parte de este recorrido , en el que interpartaron &#8221; Sat\u00e9lite&#8221;, &#8221; Tiempo&#8221; y &#8221; Globo Espacial&#8221;. Esto como primera parte de su extensa lista de canciones que a esas alturas llevaban gran parte de su espect\u00e1culo.<\/p>\n\n\n\n<p class=\"has-blush-bordeaux-gradient-background has-background\">Haciendo un viaje en el tiempo , la banda de Monterrey , &#8221; Fantasmas&#8221; , canci\u00f3n extra\u00edda de su EP del mismo nombre del 2015, esta integro la segunda parte del concierto, y que nos llevar\u00eda a canciones potentes.\u00a0 &#8221; Instinto Animal&#8221; , es un tema arrebatado con golpes de bater\u00eda que sin duda, hizo brincar a m\u00e1s de uno de los presentes.<\/p>\n\n\n\n<p class=\"has-blush-bordeaux-gradient-background has-background\">Tras una breve pausa, la agrupaci\u00f3n volvi\u00f3 a aparecer sobre el entarimado, esto para dar el \u00faltimo brote de energ\u00eda para enfilarse \u00faltima parte de lo que <strong>Serbia<\/strong> ten\u00edan preparado para cantar.<\/p>\n\n\n\n<figure class=\"wp-block-image size-large\"><img loading=\"lazy\" decoding=\"async\" width=\"1024\" height=\"512\" src=\"https:\/\/polifoniared.com\/wp-content\/uploads\/2022\/11\/IMG-20221111-WA0013-1024x512.jpg\" alt=\"\" class=\"wp-image-268\" srcset=\"https:\/\/polifoniared.com\/wp-content\/uploads\/2022\/11\/IMG-20221111-WA0013-1024x512.jpg 1024w, https:\/\/polifoniared.com\/wp-content\/uploads\/2022\/11\/IMG-20221111-WA0013-300x150.jpg 300w, https:\/\/polifoniared.com\/wp-content\/uploads\/2022\/11\/IMG-20221111-WA0013-768x384.jpg 768w, https:\/\/polifoniared.com\/wp-content\/uploads\/2022\/11\/IMG-20221111-WA0013-450x225.jpg 450w, https:\/\/polifoniared.com\/wp-content\/uploads\/2022\/11\/IMG-20221111-WA0013.jpg 1280w\" sizes=\"auto, (max-width: 1024px) 100vw, 1024px\" \/><\/figure>\n\n\n\n<figure class=\"wp-block-image size-large\"><img loading=\"lazy\" decoding=\"async\" width=\"1024\" height=\"512\" src=\"https:\/\/polifoniared.com\/wp-content\/uploads\/2022\/11\/IMG-20221111-WA0016-1024x512.jpg\" alt=\"\" class=\"wp-image-269\" srcset=\"https:\/\/polifoniared.com\/wp-content\/uploads\/2022\/11\/IMG-20221111-WA0016-1024x512.jpg 1024w, https:\/\/polifoniared.com\/wp-content\/uploads\/2022\/11\/IMG-20221111-WA0016-300x150.jpg 300w, https:\/\/polifoniared.com\/wp-content\/uploads\/2022\/11\/IMG-20221111-WA0016-768x384.jpg 768w, https:\/\/polifoniared.com\/wp-content\/uploads\/2022\/11\/IMG-20221111-WA0016-450x225.jpg 450w, https:\/\/polifoniared.com\/wp-content\/uploads\/2022\/11\/IMG-20221111-WA0016.jpg 1280w\" sizes=\"auto, (max-width: 1024px) 100vw, 1024px\" \/><\/figure>\n\n\n\n<p class=\"has-blush-light-purple-gradient-background has-background\">Las cuerdas de su guitarra ac\u00fastica de Jos\u00e9 Pablo Garc\u00eda para tocar &#8221; Dosis&#8221; , es la balada de <strong>Serbia <\/strong>, que hizo cantar e iluminar con los celulares. El segundo sencillo y reci\u00e9n estrenado &#8221; Eternos&#8221; , engalan\u00f3 el deleite de presentarlo de primera vez en vivo. Y que para sorpresa de la banda, fue coreada por sus seguidores.\u00a0 Esta reciente estrenada recarga su sonido en el rock, y lo que muestra que Aeternus ser\u00e1 muy distinto a discos previos.<\/p>\n\n\n\n<p class=\"has-blush-light-purple-gradient-background has-background\">&#8221; Cama&#8221; ser\u00eda la pen\u00faltima canci\u00f3n que englobar\u00eda una lista de 27 que ten\u00edan contempladas. Para finalizar Serbia &#8221; Reversible&#8221; ,un tema de rock\u00a0 , es como decidieron concluir su repertorio de m\u00e1s de dos horas en el que el Teatro de la Ciudad fue testigo de la aclamada presentaci\u00f3n.<\/p>\n\n\n\n<p><\/p>\n\n\n\n<figure class=\"wp-block-image size-large\"><img loading=\"lazy\" decoding=\"async\" width=\"1024\" height=\"512\" src=\"https:\/\/polifoniared.com\/wp-content\/uploads\/2022\/11\/IMG-20221111-WA0018-1024x512.jpg\" alt=\"\" class=\"wp-image-270\" srcset=\"https:\/\/polifoniared.com\/wp-content\/uploads\/2022\/11\/IMG-20221111-WA0018-1024x512.jpg 1024w, https:\/\/polifoniared.com\/wp-content\/uploads\/2022\/11\/IMG-20221111-WA0018-300x150.jpg 300w, https:\/\/polifoniared.com\/wp-content\/uploads\/2022\/11\/IMG-20221111-WA0018-768x384.jpg 768w, https:\/\/polifoniared.com\/wp-content\/uploads\/2022\/11\/IMG-20221111-WA0018-450x225.jpg 450w, https:\/\/polifoniared.com\/wp-content\/uploads\/2022\/11\/IMG-20221111-WA0018.jpg 1280w\" sizes=\"auto, (max-width: 1024px) 100vw, 1024px\" \/><\/figure>\n\n\n\n<p><strong>Por Diego V\u00e1zquez<\/strong><\/p>\n","protected":false},"excerpt":{"rendered":"<p>El cuarteto regiomontano Serbia se apoderaron del escenario del Teatro de la Ciudad, Esperanza Iris con un vibrante y extenso espect\u00e1culo , donde Ernesto Ort\u00edz (voz \/ guitarra), Eduardo V\u00e1zquez (bajo),\u00a0 Jos\u00e9 Pablo Garc\u00eda ( guitarra) y Daniel V\u00e1zquez(bater\u00eda) presentaron su gira \u00c6TERNUS ante un recinto lleno. A las 9 de la noche las luces &hellip; <\/p>\n<p class=\"link-more\"><a href=\"https:\/\/polifoniared.com\/index.php\/2022\/11\/19\/serbia-conquisto-el-teatro-de-la-ciudad-con-su-rock-regio\/\" class=\"more-link\">Continuar leyendo<span class=\"screen-reader-text\"> &#8220;Serbia conquist\u00f3 el Teatro de la ciudad con su rock regio.&#8221;<\/span><\/a><\/p>\n","protected":false},"author":1,"featured_media":271,"comment_status":"open","ping_status":"closed","sticky":false,"template":"","format":"standard","meta":{"footnotes":""},"categories":[17],"tags":[19,38,22,29,24],"class_list":["post-263","post","type-post","status-publish","format-standard","has-post-thumbnail","hentry","category-musica","tag-conciertos","tag-latino","tag-mexico","tag-musica","tag-pop","entry"],"_links":{"self":[{"href":"https:\/\/polifoniared.com\/index.php\/wp-json\/wp\/v2\/posts\/263","targetHints":{"allow":["GET"]}}],"collection":[{"href":"https:\/\/polifoniared.com\/index.php\/wp-json\/wp\/v2\/posts"}],"about":[{"href":"https:\/\/polifoniared.com\/index.php\/wp-json\/wp\/v2\/types\/post"}],"author":[{"embeddable":true,"href":"https:\/\/polifoniared.com\/index.php\/wp-json\/wp\/v2\/users\/1"}],"replies":[{"embeddable":true,"href":"https:\/\/polifoniared.com\/index.php\/wp-json\/wp\/v2\/comments?post=263"}],"version-history":[{"count":1,"href":"https:\/\/polifoniared.com\/index.php\/wp-json\/wp\/v2\/posts\/263\/revisions"}],"predecessor-version":[{"id":272,"href":"https:\/\/polifoniared.com\/index.php\/wp-json\/wp\/v2\/posts\/263\/revisions\/272"}],"wp:featuredmedia":[{"embeddable":true,"href":"https:\/\/polifoniared.com\/index.php\/wp-json\/wp\/v2\/media\/271"}],"wp:attachment":[{"href":"https:\/\/polifoniared.com\/index.php\/wp-json\/wp\/v2\/media?parent=263"}],"wp:term":[{"taxonomy":"category","embeddable":true,"href":"https:\/\/polifoniared.com\/index.php\/wp-json\/wp\/v2\/categories?post=263"},{"taxonomy":"post_tag","embeddable":true,"href":"https:\/\/polifoniared.com\/index.php\/wp-json\/wp\/v2\/tags?post=263"}],"curies":[{"name":"wp","href":"https:\/\/api.w.org\/{rel}","templated":true}]}}