{"id":274,"date":"2023-03-19T22:15:53","date_gmt":"2023-03-19T22:15:53","guid":{"rendered":"https:\/\/polifoniared.com\/?p=274"},"modified":"2023-03-19T22:29:44","modified_gmt":"2023-03-19T22:29:44","slug":"tiempo-de-mujeres-festival-por-la-igualdad","status":"publish","type":"post","link":"https:\/\/polifoniared.com\/index.php\/2023\/03\/19\/tiempo-de-mujeres-festival-por-la-igualdad\/","title":{"rendered":"Tiempo de Mujeres &#8211; Festival por la Igualdad."},"content":{"rendered":"\n<p><\/p>\n\n\n\n<figure class=\"wp-block-image size-large\"><img loading=\"lazy\" decoding=\"async\" width=\"1024\" height=\"683\" src=\"https:\/\/polifoniared.com\/wp-content\/uploads\/2023\/03\/YDRAY-1-1024x683.jpg\" alt=\"\" class=\"wp-image-275\" srcset=\"https:\/\/polifoniared.com\/wp-content\/uploads\/2023\/03\/YDRAY-1-1024x683.jpg 1024w, https:\/\/polifoniared.com\/wp-content\/uploads\/2023\/03\/YDRAY-1-300x200.jpg 300w, https:\/\/polifoniared.com\/wp-content\/uploads\/2023\/03\/YDRAY-1-768x512.jpg 768w, https:\/\/polifoniared.com\/wp-content\/uploads\/2023\/03\/YDRAY-1-1536x1024.jpg 1536w, https:\/\/polifoniared.com\/wp-content\/uploads\/2023\/03\/YDRAY-1-2048x1365.jpg 2048w, https:\/\/polifoniared.com\/wp-content\/uploads\/2023\/03\/YDRAY-1-1568x1045.jpg 1568w, https:\/\/polifoniared.com\/wp-content\/uploads\/2023\/03\/YDRAY-1-450x300.jpg 450w\" sizes=\"auto, (max-width: 1024px) 100vw, 1024px\" \/><\/figure>\n\n\n\n<p class=\"has-text-align-left\">En el marco del D\u00eda Internacional de la Mujer se realiz\u00f3 Tiempo de Mujeres -Festival por la Igualdad el cual es un evento multidisciplinario que alberga a las mujeres , todas ellas en el ramo del arte, activistas, m\u00fasica , con el fin de promover el discurso de igualdad.<br>Como parte de la conmemoraci\u00f3n, reuni\u00f3 a talento femenino de diversos g\u00e9neros musicales en la Plaza Manuel Tols\u00e1, en el coraz\u00f3n de la Ciudad de M\u00e9xico, all\u00ed estuvieron presentes: Marica&amp;cal\u00e9ndulas Canela, Pahua, Ni\u00f1a Dioz, Leiden , Renee Goust y Mare Advertencia , quienes al car la tarde adornaron con sus m\u00fasica y alimentaron de \u00e1nimos a los asistentes.<\/p>\n\n\n\n<figure class=\"wp-block-image size-large\"><img loading=\"lazy\" decoding=\"async\" width=\"1024\" height=\"683\" src=\"https:\/\/polifoniared.com\/wp-content\/uploads\/2023\/03\/YDRAY-3-1024x683.jpg\" alt=\"\" class=\"wp-image-276\" srcset=\"https:\/\/polifoniared.com\/wp-content\/uploads\/2023\/03\/YDRAY-3-1024x683.jpg 1024w, https:\/\/polifoniared.com\/wp-content\/uploads\/2023\/03\/YDRAY-3-300x200.jpg 300w, https:\/\/polifoniared.com\/wp-content\/uploads\/2023\/03\/YDRAY-3-768x512.jpg 768w, https:\/\/polifoniared.com\/wp-content\/uploads\/2023\/03\/YDRAY-3-1536x1024.jpg 1536w, https:\/\/polifoniared.com\/wp-content\/uploads\/2023\/03\/YDRAY-3-2048x1365.jpg 2048w, https:\/\/polifoniared.com\/wp-content\/uploads\/2023\/03\/YDRAY-3-1568x1045.jpg 1568w, https:\/\/polifoniared.com\/wp-content\/uploads\/2023\/03\/YDRAY-3-450x300.jpg 450w\" sizes=\"auto, (max-width: 1024px) 100vw, 1024px\" \/><\/figure>\n\n\n\n<figure class=\"wp-block-image size-large\"><img loading=\"lazy\" decoding=\"async\" width=\"1024\" height=\"683\" src=\"https:\/\/polifoniared.com\/wp-content\/uploads\/2023\/03\/YDRAY-polifoniared-4-1024x683.jpg\" alt=\"\" class=\"wp-image-277\" srcset=\"https:\/\/polifoniared.com\/wp-content\/uploads\/2023\/03\/YDRAY-polifoniared-4-1024x683.jpg 1024w, https:\/\/polifoniared.com\/wp-content\/uploads\/2023\/03\/YDRAY-polifoniared-4-300x200.jpg 300w, https:\/\/polifoniared.com\/wp-content\/uploads\/2023\/03\/YDRAY-polifoniared-4-768x512.jpg 768w, https:\/\/polifoniared.com\/wp-content\/uploads\/2023\/03\/YDRAY-polifoniared-4-1536x1024.jpg 1536w, https:\/\/polifoniared.com\/wp-content\/uploads\/2023\/03\/YDRAY-polifoniared-4-2048x1365.jpg 2048w, https:\/\/polifoniared.com\/wp-content\/uploads\/2023\/03\/YDRAY-polifoniared-4-1568x1045.jpg 1568w, https:\/\/polifoniared.com\/wp-content\/uploads\/2023\/03\/YDRAY-polifoniared-4-450x300.jpg 450w\" sizes=\"auto, (max-width: 1024px) 100vw, 1024px\" \/><\/figure>\n\n\n\n<figure class=\"wp-block-image size-large\"><img loading=\"lazy\" decoding=\"async\" width=\"1024\" height=\"683\" src=\"https:\/\/polifoniared.com\/wp-content\/uploads\/2023\/03\/YDRAY-polifoniared-6-1024x683.jpg\" alt=\"\" class=\"wp-image-278\" srcset=\"https:\/\/polifoniared.com\/wp-content\/uploads\/2023\/03\/YDRAY-polifoniared-6-1024x683.jpg 1024w, https:\/\/polifoniared.com\/wp-content\/uploads\/2023\/03\/YDRAY-polifoniared-6-300x200.jpg 300w, https:\/\/polifoniared.com\/wp-content\/uploads\/2023\/03\/YDRAY-polifoniared-6-768x512.jpg 768w, https:\/\/polifoniared.com\/wp-content\/uploads\/2023\/03\/YDRAY-polifoniared-6-1536x1024.jpg 1536w, https:\/\/polifoniared.com\/wp-content\/uploads\/2023\/03\/YDRAY-polifoniared-6-2048x1365.jpg 2048w, https:\/\/polifoniared.com\/wp-content\/uploads\/2023\/03\/YDRAY-polifoniared-6-1568x1045.jpg 1568w, https:\/\/polifoniared.com\/wp-content\/uploads\/2023\/03\/YDRAY-polifoniared-6-450x300.jpg 450w\" sizes=\"auto, (max-width: 1024px) 100vw, 1024px\" \/><\/figure>\n\n\n\n<p>Una de las primeras en aparecer sobre el escenario fueron Cal\u00e9ndulas canela: Proyecto multidisciplinario experimental, conformado por Cynthia Franco y Absynthia \u00cdgnea. Quienes con su performance dieron la bienvenida al evento.<br>Posteriormente dar paso a la cantante , compositora y DJ mexicana Paulina Sotomayor ( PAHUA). Con su mezcla de sonidos y emociones que representa su feminidad, electr\u00f3nica , da cuenta su folclor con<br>sus canciones.<br>Como parte de su reperotorio interpret\u00f3: &#8221; Quiereme&#8221; , &#8221; Caramelo&#8221;, &#8221; El Traketeo&#8221; o &#8221; La Noche Final&#8221;.<\/p>\n\n\n\n<figure class=\"wp-block-image size-large\"><img loading=\"lazy\" decoding=\"async\" width=\"1024\" height=\"683\" src=\"https:\/\/polifoniared.com\/wp-content\/uploads\/2023\/03\/YDRAY-pahua-polifoniared-11-1024x683.jpg\" alt=\"\" class=\"wp-image-279\" srcset=\"https:\/\/polifoniared.com\/wp-content\/uploads\/2023\/03\/YDRAY-pahua-polifoniared-11-1024x683.jpg 1024w, https:\/\/polifoniared.com\/wp-content\/uploads\/2023\/03\/YDRAY-pahua-polifoniared-11-300x200.jpg 300w, https:\/\/polifoniared.com\/wp-content\/uploads\/2023\/03\/YDRAY-pahua-polifoniared-11-768x512.jpg 768w, https:\/\/polifoniared.com\/wp-content\/uploads\/2023\/03\/YDRAY-pahua-polifoniared-11-1536x1024.jpg 1536w, https:\/\/polifoniared.com\/wp-content\/uploads\/2023\/03\/YDRAY-pahua-polifoniared-11-2048x1365.jpg 2048w, https:\/\/polifoniared.com\/wp-content\/uploads\/2023\/03\/YDRAY-pahua-polifoniared-11-1568x1045.jpg 1568w, https:\/\/polifoniared.com\/wp-content\/uploads\/2023\/03\/YDRAY-pahua-polifoniared-11-450x300.jpg 450w\" sizes=\"auto, (max-width: 1024px) 100vw, 1024px\" \/><\/figure>\n\n\n\n<figure class=\"wp-block-image size-large\"><img loading=\"lazy\" decoding=\"async\" width=\"1024\" height=\"683\" src=\"https:\/\/polifoniared.com\/wp-content\/uploads\/2023\/03\/YDRAY-pahua-polifoniared-13-buena-1024x683.jpg\" alt=\"\" class=\"wp-image-280\" srcset=\"https:\/\/polifoniared.com\/wp-content\/uploads\/2023\/03\/YDRAY-pahua-polifoniared-13-buena-1024x683.jpg 1024w, https:\/\/polifoniared.com\/wp-content\/uploads\/2023\/03\/YDRAY-pahua-polifoniared-13-buena-300x200.jpg 300w, https:\/\/polifoniared.com\/wp-content\/uploads\/2023\/03\/YDRAY-pahua-polifoniared-13-buena-768x512.jpg 768w, https:\/\/polifoniared.com\/wp-content\/uploads\/2023\/03\/YDRAY-pahua-polifoniared-13-buena-1536x1024.jpg 1536w, https:\/\/polifoniared.com\/wp-content\/uploads\/2023\/03\/YDRAY-pahua-polifoniared-13-buena-2048x1365.jpg 2048w, https:\/\/polifoniared.com\/wp-content\/uploads\/2023\/03\/YDRAY-pahua-polifoniared-13-buena-1568x1045.jpg 1568w, https:\/\/polifoniared.com\/wp-content\/uploads\/2023\/03\/YDRAY-pahua-polifoniared-13-buena-450x300.jpg 450w\" sizes=\"auto, (max-width: 1024px) 100vw, 1024px\" \/><\/figure>\n\n\n\n<p>Ya entrada la noche  y con el calor de viernes, la cantante cubana Leiden Gomis Fern\u00e1ndez , conocida simplemente como Leiden ofreci\u00f3 un recital ecl\u00e9ctico , con rimas,  norte\u00f1o y un par de temas ac\u00fasticos, en compa\u00f1\u00eda de su guitarra.<br>Destaca por ser una artista multidisciplinaria que se desenvuelve en la m\u00fasica como una figura notable en la cancionista en Am\u00e9rica Latina. <\/p>\n\n\n\n<p>Deleitando con sus temas &#8221; Destino&#8221; , Preciosa&#8221; , &#8221; Caminando o en Cami\u00f3n&#8221;, &#8221; Mujer Detente&#8221; , &#8221; Cumbia de Luna Roja&#8221; , por resaltar algunas.<\/p>\n\n\n\n<figure class=\"wp-block-image size-large\"><img loading=\"lazy\" decoding=\"async\" width=\"1024\" height=\"683\" src=\"https:\/\/polifoniared.com\/wp-content\/uploads\/2023\/03\/YDRAY-leiden-polifoniared-18-1024x683.jpg\" alt=\"\" class=\"wp-image-281\" srcset=\"https:\/\/polifoniared.com\/wp-content\/uploads\/2023\/03\/YDRAY-leiden-polifoniared-18-1024x683.jpg 1024w, https:\/\/polifoniared.com\/wp-content\/uploads\/2023\/03\/YDRAY-leiden-polifoniared-18-300x200.jpg 300w, https:\/\/polifoniared.com\/wp-content\/uploads\/2023\/03\/YDRAY-leiden-polifoniared-18-768x512.jpg 768w, https:\/\/polifoniared.com\/wp-content\/uploads\/2023\/03\/YDRAY-leiden-polifoniared-18-1536x1024.jpg 1536w, https:\/\/polifoniared.com\/wp-content\/uploads\/2023\/03\/YDRAY-leiden-polifoniared-18-2048x1365.jpg 2048w, https:\/\/polifoniared.com\/wp-content\/uploads\/2023\/03\/YDRAY-leiden-polifoniared-18-1568x1045.jpg 1568w, https:\/\/polifoniared.com\/wp-content\/uploads\/2023\/03\/YDRAY-leiden-polifoniared-18-450x300.jpg 450w\" sizes=\"auto, (max-width: 1024px) 100vw, 1024px\" \/><\/figure>\n\n\n\n<figure class=\"wp-block-image size-large\"><img loading=\"lazy\" decoding=\"async\" width=\"1024\" height=\"683\" src=\"https:\/\/polifoniared.com\/wp-content\/uploads\/2023\/03\/YDRAY-leiden-polifoniared-21-1024x683.jpg\" alt=\"\" class=\"wp-image-282\" srcset=\"https:\/\/polifoniared.com\/wp-content\/uploads\/2023\/03\/YDRAY-leiden-polifoniared-21-1024x683.jpg 1024w, https:\/\/polifoniared.com\/wp-content\/uploads\/2023\/03\/YDRAY-leiden-polifoniared-21-300x200.jpg 300w, https:\/\/polifoniared.com\/wp-content\/uploads\/2023\/03\/YDRAY-leiden-polifoniared-21-768x512.jpg 768w, https:\/\/polifoniared.com\/wp-content\/uploads\/2023\/03\/YDRAY-leiden-polifoniared-21-1536x1024.jpg 1536w, https:\/\/polifoniared.com\/wp-content\/uploads\/2023\/03\/YDRAY-leiden-polifoniared-21-2048x1365.jpg 2048w, https:\/\/polifoniared.com\/wp-content\/uploads\/2023\/03\/YDRAY-leiden-polifoniared-21-1568x1045.jpg 1568w, https:\/\/polifoniared.com\/wp-content\/uploads\/2023\/03\/YDRAY-leiden-polifoniared-21-450x300.jpg 450w\" sizes=\"auto, (max-width: 1024px) 100vw, 1024px\" \/><\/figure>\n\n\n\n<figure class=\"wp-block-image size-large\"><img loading=\"lazy\" decoding=\"async\" width=\"1024\" height=\"683\" src=\"https:\/\/polifoniared.com\/wp-content\/uploads\/2023\/03\/YDRAY-leiden-polifoniared-19-1024x683.jpg\" alt=\"\" class=\"wp-image-283\" srcset=\"https:\/\/polifoniared.com\/wp-content\/uploads\/2023\/03\/YDRAY-leiden-polifoniared-19-1024x683.jpg 1024w, https:\/\/polifoniared.com\/wp-content\/uploads\/2023\/03\/YDRAY-leiden-polifoniared-19-300x200.jpg 300w, https:\/\/polifoniared.com\/wp-content\/uploads\/2023\/03\/YDRAY-leiden-polifoniared-19-768x512.jpg 768w, https:\/\/polifoniared.com\/wp-content\/uploads\/2023\/03\/YDRAY-leiden-polifoniared-19-1536x1024.jpg 1536w, https:\/\/polifoniared.com\/wp-content\/uploads\/2023\/03\/YDRAY-leiden-polifoniared-19-2048x1365.jpg 2048w, https:\/\/polifoniared.com\/wp-content\/uploads\/2023\/03\/YDRAY-leiden-polifoniared-19-1568x1045.jpg 1568w, https:\/\/polifoniared.com\/wp-content\/uploads\/2023\/03\/YDRAY-leiden-polifoniared-19-450x300.jpg 450w\" sizes=\"auto, (max-width: 1024px) 100vw, 1024px\" \/><\/figure>\n\n\n\n<figure class=\"wp-block-image size-large\"><img loading=\"lazy\" decoding=\"async\" width=\"1024\" height=\"683\" src=\"https:\/\/polifoniared.com\/wp-content\/uploads\/2023\/03\/YDRAY-leiden-15-1024x683.jpg\" alt=\"\" class=\"wp-image-284\" srcset=\"https:\/\/polifoniared.com\/wp-content\/uploads\/2023\/03\/YDRAY-leiden-15-1024x683.jpg 1024w, https:\/\/polifoniared.com\/wp-content\/uploads\/2023\/03\/YDRAY-leiden-15-300x200.jpg 300w, https:\/\/polifoniared.com\/wp-content\/uploads\/2023\/03\/YDRAY-leiden-15-768x512.jpg 768w, https:\/\/polifoniared.com\/wp-content\/uploads\/2023\/03\/YDRAY-leiden-15-1536x1024.jpg 1536w, https:\/\/polifoniared.com\/wp-content\/uploads\/2023\/03\/YDRAY-leiden-15-2048x1365.jpg 2048w, https:\/\/polifoniared.com\/wp-content\/uploads\/2023\/03\/YDRAY-leiden-15-1568x1045.jpg 1568w, https:\/\/polifoniared.com\/wp-content\/uploads\/2023\/03\/YDRAY-leiden-15-450x300.jpg 450w\" sizes=\"auto, (max-width: 1024px) 100vw, 1024px\" \/><\/figure>\n\n\n\n<p>Por #DiegoVazquez<\/p>\n","protected":false},"excerpt":{"rendered":"<p>En el marco del D\u00eda Internacional de la Mujer se realiz\u00f3 Tiempo de Mujeres -Festival por la Igualdad el cual es un evento multidisciplinario que alberga a las mujeres , todas ellas en el ramo del arte, activistas, m\u00fasica , con el fin de promover el discurso de igualdad.Como parte de la conmemoraci\u00f3n, reuni\u00f3 a &hellip; <\/p>\n<p class=\"link-more\"><a href=\"https:\/\/polifoniared.com\/index.php\/2023\/03\/19\/tiempo-de-mujeres-festival-por-la-igualdad\/\" class=\"more-link\">Continuar leyendo<span class=\"screen-reader-text\"> &#8220;Tiempo de Mujeres &#8211; Festival por la Igualdad.&#8221;<\/span><\/a><\/p>\n","protected":false},"author":1,"featured_media":285,"comment_status":"open","ping_status":"closed","sticky":false,"template":"","format":"standard","meta":{"footnotes":""},"categories":[17],"tags":[19,23,22,29,24,42],"class_list":["post-274","post","type-post","status-publish","format-standard","has-post-thumbnail","hentry","category-musica","tag-conciertos","tag-cultura","tag-mexico","tag-musica","tag-pop","tag-propuestas","entry"],"_links":{"self":[{"href":"https:\/\/polifoniared.com\/index.php\/wp-json\/wp\/v2\/posts\/274","targetHints":{"allow":["GET"]}}],"collection":[{"href":"https:\/\/polifoniared.com\/index.php\/wp-json\/wp\/v2\/posts"}],"about":[{"href":"https:\/\/polifoniared.com\/index.php\/wp-json\/wp\/v2\/types\/post"}],"author":[{"embeddable":true,"href":"https:\/\/polifoniared.com\/index.php\/wp-json\/wp\/v2\/users\/1"}],"replies":[{"embeddable":true,"href":"https:\/\/polifoniared.com\/index.php\/wp-json\/wp\/v2\/comments?post=274"}],"version-history":[{"count":3,"href":"https:\/\/polifoniared.com\/index.php\/wp-json\/wp\/v2\/posts\/274\/revisions"}],"predecessor-version":[{"id":288,"href":"https:\/\/polifoniared.com\/index.php\/wp-json\/wp\/v2\/posts\/274\/revisions\/288"}],"wp:featuredmedia":[{"embeddable":true,"href":"https:\/\/polifoniared.com\/index.php\/wp-json\/wp\/v2\/media\/285"}],"wp:attachment":[{"href":"https:\/\/polifoniared.com\/index.php\/wp-json\/wp\/v2\/media?parent=274"}],"wp:term":[{"taxonomy":"category","embeddable":true,"href":"https:\/\/polifoniared.com\/index.php\/wp-json\/wp\/v2\/categories?post=274"},{"taxonomy":"post_tag","embeddable":true,"href":"https:\/\/polifoniared.com\/index.php\/wp-json\/wp\/v2\/tags?post=274"}],"curies":[{"name":"wp","href":"https:\/\/api.w.org\/{rel}","templated":true}]}}