{"id":296,"date":"2023-05-02T00:57:48","date_gmt":"2023-05-02T00:57:48","guid":{"rendered":"https:\/\/polifoniared.com\/?p=296"},"modified":"2023-05-02T00:57:48","modified_gmt":"2023-05-02T00:57:48","slug":"ampersan-celebrara-16-anos-en-el-teatro-de-la-ciudad","status":"publish","type":"post","link":"https:\/\/polifoniared.com\/index.php\/2023\/05\/02\/ampersan-celebrara-16-anos-en-el-teatro-de-la-ciudad\/","title":{"rendered":"Ampersan celebrar\u00e1 16 a\u00f1os, en el Teatro de la Ciudad."},"content":{"rendered":"\n<p class=\"has-blush-light-purple-gradient-background has-background\"><em>Presentar\u00e1n su nueva producci\u00f3n 6 Conejo, en un espect\u00e1culo con artistas invitados como <strong>Rub\u00e9n Albarr\u00e1n, Leika Moch\u00e1n , Celso Daurte , Juan Pablo Villa; entre otros.<\/strong><\/em><\/p>\n\n\n\n<p class=\"has-luminous-vivid-amber-to-luminous-vivid-orange-gradient-background has-background\">La agrupaci\u00f3n tapat\u00eda integrada por <strong>Zindu Cano ( voz, jarana y\u00a0 flauta) , Kev\u00edn Garc\u00eda ( voz, guitarra y jarana) , Nirl Cano ( voz, viol\u00edn y percusi\u00f3n) , H\u00e9ctor Aguilar Chaire ( percusi\u00f3n) y Sergio Medrano ( voz y contrabajo)<\/strong>, deleitar\u00e1n al p\u00fablico que los recibir\u00e1 el pr\u00f3ximo 5 de mayo en el emblem\u00e1tico Teatro de la Ciudad, Esperanza Iris a las 20:30 horas. El reciente \u00e1lbum, 6 Conejo surge de rendirle tributo a la literatura hispanoamericana, en especifico a la poes\u00eda y las expresiones de los pueblos originarios. Las letras de autores latinoamericanos como <strong>Nicol\u00e1s Guill\u00e9n, Luis Pal\u00e9s Matos, Miguel Le\u00f3n Portilla , Natalio Hern\u00e1ndez y la sanadora mazateca Mar\u00eda Sabina.<\/strong><\/p>\n\n\n\n<figure class=\"wp-block-image size-large\"><img loading=\"lazy\" decoding=\"async\" width=\"1024\" height=\"683\" src=\"https:\/\/polifoniared.com\/wp-content\/uploads\/2023\/05\/IMG_0379-1024x683.jpg\" alt=\"\" class=\"wp-image-297\" srcset=\"https:\/\/polifoniared.com\/wp-content\/uploads\/2023\/05\/IMG_0379-1024x683.jpg 1024w, https:\/\/polifoniared.com\/wp-content\/uploads\/2023\/05\/IMG_0379-300x200.jpg 300w, https:\/\/polifoniared.com\/wp-content\/uploads\/2023\/05\/IMG_0379-768x512.jpg 768w, https:\/\/polifoniared.com\/wp-content\/uploads\/2023\/05\/IMG_0379-1536x1024.jpg 1536w, https:\/\/polifoniared.com\/wp-content\/uploads\/2023\/05\/IMG_0379-2048x1365.jpg 2048w, https:\/\/polifoniared.com\/wp-content\/uploads\/2023\/05\/IMG_0379-1568x1045.jpg 1568w, https:\/\/polifoniared.com\/wp-content\/uploads\/2023\/05\/IMG_0379-450x300.jpg 450w\" sizes=\"auto, (max-width: 1024px) 100vw, 1024px\" \/><\/figure>\n\n\n\n<p class=\"has-cool-to-warm-spectrum-gradient-background has-background\">La agrupaci\u00f3n emigr\u00f3 de su natal Guadalajara, hace poco m\u00e1s de una d\u00e9cada, ahora radican en la Ciudad de M\u00e9xico. &#8221; Desde que llegamos a la Ciudad de M\u00e9xico hace 16 a\u00f1os, decidimos emprender este proyecto; as\u00ed que llevamos los mismos a\u00f1os en esta ciudad , que nos ha adoptado muy bien y estamos agradecidos , es muy generosa&#8221;, resalt\u00f3 su cantante Ziundu Cano.<\/p>\n\n\n\n<p class=\"has-cool-to-warm-spectrum-gradient-background has-background\">&#8221; Tanto Kevin como yo somos lectores de poes\u00eda , esos poemas de autores latinoamericanos y nos inspiraron al punto de querer musicalizarlos y hacerlos canci\u00f3n. Este disco son esos poemas que nos gustan , para hacerlos un disco. Tomamos como punto central la m\u00fasica electr\u00f3nica ; pero lo combinamos con son jarocho, el danz\u00f3n, afrobeat entre otros g\u00e9neros, es algo de lo que podr\u00e1n ustedes escuchar en el disco 6 Conejo&#8221;, refiri\u00f3 en conferencia de prensa.<\/p>\n\n\n\n<p class=\"has-pale-ocean-gradient-background has-background\">La m\u00fasica de Ampersan es la exploraci\u00f3n de ra\u00edces culturales y musicales de M\u00e9xico y Latinoam\u00e9rica para hacer un\u00a0 nexo con lo contempor\u00e1neo. Esto lo ha caracterizado a la agrupaci\u00f3n desde sus inicios. &#8221; A diferencia de discos pasados, si coquete\u00e1bamos con otros g\u00e9neros, en este nuevo disco nos adentramos de lleno a la m\u00fasica electr\u00f3nica, todos est\u00e1n instrumentados con sintetizadores , sampelers, secuencias y procesadores de efectos&#8221;, explic\u00f3 Kev\u00edn Garc\u00eda.<\/p>\n\n\n\n<p class=\"has-pale-ocean-gradient-background has-background\">&#8220;El material es un trabajo ecl\u00e9ctico, multicultural en el que convive con la tradici\u00f3n y la vanguardia pero sin perder sus or\u00edgenes &#8221; detall\u00f3 el m\u00fasico. Como parte de su repertorio ser\u00e1 una selecci\u00f3n de canciones de la reciente placa discogr\u00e1fica; as\u00ed como adelanto de temas de lo que ser\u00e1 su pr\u00f3ximo LP y un recorrido por temas cl\u00e1sicos.<\/p>\n\n\n\n<figure class=\"wp-block-image size-large\"><img loading=\"lazy\" decoding=\"async\" width=\"1024\" height=\"683\" src=\"https:\/\/polifoniared.com\/wp-content\/uploads\/2023\/05\/IMG_0370-1024x683.jpg\" alt=\"\" class=\"wp-image-298\" srcset=\"https:\/\/polifoniared.com\/wp-content\/uploads\/2023\/05\/IMG_0370-1024x683.jpg 1024w, https:\/\/polifoniared.com\/wp-content\/uploads\/2023\/05\/IMG_0370-300x200.jpg 300w, https:\/\/polifoniared.com\/wp-content\/uploads\/2023\/05\/IMG_0370-768x512.jpg 768w, https:\/\/polifoniared.com\/wp-content\/uploads\/2023\/05\/IMG_0370-1536x1024.jpg 1536w, https:\/\/polifoniared.com\/wp-content\/uploads\/2023\/05\/IMG_0370-2048x1365.jpg 2048w, https:\/\/polifoniared.com\/wp-content\/uploads\/2023\/05\/IMG_0370-1568x1045.jpg 1568w, https:\/\/polifoniared.com\/wp-content\/uploads\/2023\/05\/IMG_0370-450x300.jpg 450w\" sizes=\"auto, (max-width: 1024px) 100vw, 1024px\" \/><\/figure>\n\n\n\n<p class=\"has-electric-grass-gradient-background has-background\">Ante la pr\u00f3xima presentaci\u00f3n , su cantante se dijo estar nervioso , pero con mucha expectativa, es un gusto poder tocar en este teatro, afirm\u00f3.<\/p>\n\n\n\n<p class=\"has-electric-grass-gradient-background has-background\">Es un proceso que les la llevado m\u00e1s de una d\u00e9cada y les a mostrado m\u00e1s all\u00e1 del folclore mexicano. &#8221; Lo hemos dicho en m\u00e1s de una vez, pero m\u00e1s bien , nosotros nos sentimos rescatados por esas ra\u00edces, el habernos encontrado con la m\u00fasica de M\u00e9xico y Latinoam\u00e9rica nos permiti\u00f3 tener una visi\u00f3n m\u00e1s global y profunda de lo que es la m\u00fasica,; sino verlo como simbolismo de identidad  y que esta puede ser parte fundamental de una comunidad de una sociedad , con sus fiestas , sus fandangos, sus tradiciones. Estamos agradecidos por la multiculturalidad , tuvimos encuentros con etn\u00f3logos , music\u00f3logos y eso nos ha enriquecido. Desde antes de formar Ampersan , estaba ya la inquietud de ver qu\u00e9 pasaba con otra m\u00fasica , fuera de nuestras fronteras. En este camino de 16 a\u00f1os nos hemos encontrado con muchas cosas, ha sido luchar por hacer m\u00fasica independiente. Gracias por esa gente que nos ha apoyado y cre\u00eddo en este proyecto&#8221;, resalt\u00f3\u00a0 Kevin Garc\u00eda en declaraci\u00f3n para <strong>polifoniared<\/strong>.<\/p>\n\n\n\n<p class=\"has-blush-bordeaux-gradient-background has-background\">Parte de la culpa de que este disco gestara , fue derivado de la Carta C\u00e1tedra Montemayor que recopila obras de poes\u00eda de la guerrilla y el indigenismo. &#8220;Surgi\u00f3 el nombre como la idea de resaltar la relevancia del calendario solar&#8221;. <strong>El \u00e1lbum est\u00e1 dedicado a la poes\u00eda y a sus autores que recrean la identidad.<\/strong><\/p>\n\n\n\n<p class=\"has-blush-bordeaux-gradient-background has-background\">Con respecto a la celebraci\u00f3n que los congratula por pisar los escenarios m\u00e1s de una d\u00e9cada , su cantante explica que el concierto ser\u00e1 una ceremonia de agradecimiento a esos poetas que los han inspirado, ser\u00e1 una noche con artistas invitados que asegur\u00f3 ser\u00e1 una noche inolvidable.<\/p>\n\n\n\n<p class=\"has-blush-bordeaux-gradient-background has-background\">Precisaron que los artistas que los acompa\u00f1ar\u00e1n esa noche para celebrar su disco y su aniversario son amigos de varios a\u00f1os y que admiran. &#8221; Con m\u00e1s de uno de estos artistas hemos coincido en festivales , y consideramos que val\u00eda la pena que estuvieran tocando con nosotros y que llenar\u00e1n de m\u00fasica &#8220;.<\/p>\n\n\n\n<p class=\"has-primary-background-color has-background\">&#8221; Es interesante la relaci\u00f3n que existe con la m\u00fasica y los antepasados, es encontrar el origen. Para final este discurso que tuvieron con los medios es r hacer una invitaci\u00f3n a tener un acercamiento con la lengua y toda la multicularidad que encontramos a cualquier sitio al que vayas. &#8220;Es una mirada de un lenguaje en el que podemos aprender , el recrear con la m\u00fasica , diciendo lo que pensamos, desde otra forma&#8221;, concluyeron.<\/p>\n\n\n\n<figure class=\"wp-block-video\"><video height=\"352\" style=\"aspect-ratio: 640 \/ 352;\" width=\"640\" controls src=\"https:\/\/polifoniared.com\/wp-content\/uploads\/2023\/05\/WhatsApp-Video-2023-04-26-at-12.52.17.mp4\"><\/video><\/figure>\n\n\n\n<p>Por #DiegoVazquez<\/p>\n","protected":false},"excerpt":{"rendered":"<p>Presentar\u00e1n su nueva producci\u00f3n 6 Conejo, en un espect\u00e1culo con artistas invitados como Rub\u00e9n Albarr\u00e1n, Leika Moch\u00e1n , Celso Daurte , Juan Pablo Villa; entre otros. La agrupaci\u00f3n tapat\u00eda integrada por Zindu Cano ( voz, jarana y\u00a0 flauta) , Kev\u00edn Garc\u00eda ( voz, guitarra y jarana) , Nirl Cano ( voz, viol\u00edn y percusi\u00f3n) , &hellip; <\/p>\n<p class=\"link-more\"><a href=\"https:\/\/polifoniared.com\/index.php\/2023\/05\/02\/ampersan-celebrara-16-anos-en-el-teatro-de-la-ciudad\/\" class=\"more-link\">Continuar leyendo<span class=\"screen-reader-text\"> &#8220;Ampersan celebrar\u00e1 16 a\u00f1os, en el Teatro de la Ciudad.&#8221;<\/span><\/a><\/p>\n","protected":false},"author":1,"featured_media":300,"comment_status":"open","ping_status":"closed","sticky":false,"template":"","format":"standard","meta":{"footnotes":""},"categories":[17],"tags":[19,23,22,29],"class_list":["post-296","post","type-post","status-publish","format-standard","has-post-thumbnail","hentry","category-musica","tag-conciertos","tag-cultura","tag-mexico","tag-musica","entry"],"_links":{"self":[{"href":"https:\/\/polifoniared.com\/index.php\/wp-json\/wp\/v2\/posts\/296","targetHints":{"allow":["GET"]}}],"collection":[{"href":"https:\/\/polifoniared.com\/index.php\/wp-json\/wp\/v2\/posts"}],"about":[{"href":"https:\/\/polifoniared.com\/index.php\/wp-json\/wp\/v2\/types\/post"}],"author":[{"embeddable":true,"href":"https:\/\/polifoniared.com\/index.php\/wp-json\/wp\/v2\/users\/1"}],"replies":[{"embeddable":true,"href":"https:\/\/polifoniared.com\/index.php\/wp-json\/wp\/v2\/comments?post=296"}],"version-history":[{"count":1,"href":"https:\/\/polifoniared.com\/index.php\/wp-json\/wp\/v2\/posts\/296\/revisions"}],"predecessor-version":[{"id":301,"href":"https:\/\/polifoniared.com\/index.php\/wp-json\/wp\/v2\/posts\/296\/revisions\/301"}],"wp:featuredmedia":[{"embeddable":true,"href":"https:\/\/polifoniared.com\/index.php\/wp-json\/wp\/v2\/media\/300"}],"wp:attachment":[{"href":"https:\/\/polifoniared.com\/index.php\/wp-json\/wp\/v2\/media?parent=296"}],"wp:term":[{"taxonomy":"category","embeddable":true,"href":"https:\/\/polifoniared.com\/index.php\/wp-json\/wp\/v2\/categories?post=296"},{"taxonomy":"post_tag","embeddable":true,"href":"https:\/\/polifoniared.com\/index.php\/wp-json\/wp\/v2\/tags?post=296"}],"curies":[{"name":"wp","href":"https:\/\/api.w.org\/{rel}","templated":true}]}}