{"id":319,"date":"2024-03-07T16:17:10","date_gmt":"2024-03-07T16:17:10","guid":{"rendered":"https:\/\/polifoniared.com\/?p=319"},"modified":"2024-05-20T15:45:20","modified_gmt":"2024-05-20T15:45:20","slug":"fim-gdl-2024-un-espacio-para-la-reflexion-la-colaboracion-y-el-gozo","status":"publish","type":"post","link":"https:\/\/polifoniared.com\/index.php\/2024\/03\/07\/fim-gdl-2024-un-espacio-para-la-reflexion-la-colaboracion-y-el-gozo\/","title":{"rendered":"FIM GDL 2024: un espacio para la reflexi\u00f3n, la colaboraci\u00f3n y el gozo"},"content":{"rendered":"\n<p class=\"wp-embed-aspect-21-9 wp-has-aspect-ratio\">Entre el 28 de febrero y el 2 de marzo pasados se llev\u00f3 a cabo la 9\u00aa edici\u00f3n de la Feria Internacional de la M\u00fasica de Guadalajara (FIM GDL) en el CSAE. <\/p>\n\n\n\n<p>Tres d\u00edas de jornadas acad\u00e9micas y de negocios, el performance de Patti Smith y Soundwalk Collective y la segunda edici\u00f3n de PortAm\u00e9rica Latitudes tuvieron lugar. <\/p>\n\n\n\n<figure class=\"wp-block-image size-full\"><img loading=\"lazy\" decoding=\"async\" width=\"800\" height=\"533\" src=\"https:\/\/polifoniared.com\/wp-content\/uploads\/2024\/03\/DSC_0011.jpg\" alt=\"\" class=\"wp-image-320\" srcset=\"https:\/\/polifoniared.com\/wp-content\/uploads\/2024\/03\/DSC_0011.jpg 800w, https:\/\/polifoniared.com\/wp-content\/uploads\/2024\/03\/DSC_0011-300x200.jpg 300w, https:\/\/polifoniared.com\/wp-content\/uploads\/2024\/03\/DSC_0011-768x512.jpg 768w, https:\/\/polifoniared.com\/wp-content\/uploads\/2024\/03\/DSC_0011-450x300.jpg 450w\" sizes=\"auto, (max-width: 800px) 100vw, 800px\" \/><\/figure>\n\n\n\n<figure class=\"wp-block-image size-full\"><img loading=\"lazy\" decoding=\"async\" width=\"800\" height=\"533\" src=\"https:\/\/polifoniared.com\/wp-content\/uploads\/2024\/03\/DSC_0006.jpg\" alt=\"\" class=\"wp-image-321\" srcset=\"https:\/\/polifoniared.com\/wp-content\/uploads\/2024\/03\/DSC_0006.jpg 800w, https:\/\/polifoniared.com\/wp-content\/uploads\/2024\/03\/DSC_0006-300x200.jpg 300w, https:\/\/polifoniared.com\/wp-content\/uploads\/2024\/03\/DSC_0006-768x512.jpg 768w, https:\/\/polifoniared.com\/wp-content\/uploads\/2024\/03\/DSC_0006-450x300.jpg 450w\" sizes=\"auto, (max-width: 800px) 100vw, 800px\" \/><\/figure>\n\n\n\n<p>Cada a\u00f1o, las expectativas que rodean a la celebraci\u00f3n de FIM GDL, evento impulsado por la Universidad de Guadalajara, crecen en funci\u00f3n de su capacidad de transformaci\u00f3n, de la incorporaci\u00f3n de nuevos espacios, temas de an\u00e1lisis y talento y p\u00fablico participante. Cada a\u00f1o, tambi\u00e9n, esas expectativas resultan superadas.&nbsp;<\/p>\n\n\n\n<p>En su 9\u00aa edici\u00f3n FIM GDL volvi\u00f3 a convertirse en el epicentro de la m\u00fasica en M\u00e9xico, pues convergieron artistas consagrados, profesionales de la industria, estudiantes y entusiastas de la m\u00fasica. Durante cuatro d\u00edas, el Conjunto Santander de Artes Esc\u00e9nicas y el Centro Cultural Universitario fueron el escenario de una sinfon\u00eda de conocimiento, creatividad y emoci\u00f3n, enriqueciendo mente y coraz\u00f3n de todos los participantes.<\/p>\n\n\n\n<p>El pasado martes 5 de marzo, en conferencia de prensa, la Dra. Margarita Hern\u00e1ndez Ortiz, Coordinadora General de Extensi\u00f3n y Difusi\u00f3n Cultural de la Universidad de Guadalajara, se\u00f1al\u00f3 que \u201clos resultados mejoraron las expectativas que ten\u00edamos, incluso los n\u00fameros del a\u00f1o pasado. FIM GDL es un proyecto que tiene relevancia no solo para la Universidad de Guadalajara, sino para todo el pa\u00eds. Espec\u00edficamente para la Universidad de Guadalajara porque es un proyecto m\u00e1s que habla de los esfuerzos y de la convicci\u00f3n profunda que est\u00e1 en nuestro ADN para vincular las artes, en este caso particularmente la m\u00fasica, la ciencia y el desarrollo social, tocando a la comunidad universitaria.\u201d   <\/p>\n\n\n\n<figure class=\"wp-block-image size-large\"><img loading=\"lazy\" decoding=\"async\" width=\"1024\" height=\"768\" src=\"https:\/\/polifoniared.com\/wp-content\/uploads\/2024\/03\/20240301_114031-1024x768.jpg\" alt=\"\" class=\"wp-image-322\" srcset=\"https:\/\/polifoniared.com\/wp-content\/uploads\/2024\/03\/20240301_114031-1024x768.jpg 1024w, https:\/\/polifoniared.com\/wp-content\/uploads\/2024\/03\/20240301_114031-300x225.jpg 300w, https:\/\/polifoniared.com\/wp-content\/uploads\/2024\/03\/20240301_114031-768x576.jpg 768w, https:\/\/polifoniared.com\/wp-content\/uploads\/2024\/03\/20240301_114031-1536x1152.jpg 1536w, https:\/\/polifoniared.com\/wp-content\/uploads\/2024\/03\/20240301_114031-2048x1536.jpg 2048w, https:\/\/polifoniared.com\/wp-content\/uploads\/2024\/03\/20240301_114031-1568x1176.jpg 1568w, https:\/\/polifoniared.com\/wp-content\/uploads\/2024\/03\/20240301_114031-450x338.jpg 450w\" sizes=\"auto, (max-width: 1024px) 100vw, 1024px\" \/><\/figure>\n\n\n\n<figure class=\"wp-block-image size-large\"><img loading=\"lazy\" decoding=\"async\" width=\"768\" height=\"1024\" src=\"https:\/\/polifoniared.com\/wp-content\/uploads\/2024\/03\/20240302_194216-768x1024.jpg\" alt=\"\" class=\"wp-image-323\" srcset=\"https:\/\/polifoniared.com\/wp-content\/uploads\/2024\/03\/20240302_194216-768x1024.jpg 768w, https:\/\/polifoniared.com\/wp-content\/uploads\/2024\/03\/20240302_194216-225x300.jpg 225w, https:\/\/polifoniared.com\/wp-content\/uploads\/2024\/03\/20240302_194216-1152x1536.jpg 1152w, https:\/\/polifoniared.com\/wp-content\/uploads\/2024\/03\/20240302_194216-1536x2048.jpg 1536w, https:\/\/polifoniared.com\/wp-content\/uploads\/2024\/03\/20240302_194216-1568x2091.jpg 1568w, https:\/\/polifoniared.com\/wp-content\/uploads\/2024\/03\/20240302_194216-450x600.jpg 450w, https:\/\/polifoniared.com\/wp-content\/uploads\/2024\/03\/20240302_194216-scaled.jpg 1920w\" sizes=\"auto, (max-width: 768px) 100vw, 768px\" \/><\/figure>\n\n\n\n<figure class=\"wp-block-video\"><\/figure>\n\n\n\n<figure class=\"wp-block-embed is-type-video is-provider-youtube wp-block-embed-youtube wp-embed-aspect-16-9 wp-has-aspect-ratio\"><div class=\"wp-block-embed__wrapper\">\n<iframe loading=\"lazy\" title=\"Conferencia en FIM GDL \u00bfC\u00f3mo destacar en un mar de opciones?\" width=\"640\" height=\"360\" src=\"https:\/\/www.youtube.com\/embed\/JxdNG0hTa8U?feature=oembed\" frameborder=\"0\" allow=\"accelerometer; autoplay; clipboard-write; encrypted-media; gyroscope; picture-in-picture; web-share\" referrerpolicy=\"strict-origin-when-cross-origin\" allowfullscreen><\/iframe>\n<\/div><\/figure>\n\n\n\n<p>Por su parte, Sergio Arbel\u00e1ez, director de FIM GDL, destac\u00f3 la participaci\u00f3n de los creadores y profesionales mexicanos: \u201cTuvimos una fuerte presencia de la m\u00fasica mexicana en los shows y en las conferencias. Esto es un reflejo del buen momento que vive M\u00e9xico en su industria musical y la m\u00fasica mexicana en el mundo.\u201d<\/p>\n\n\n\n<p>Desde su inicio, FIM GDL abri\u00f3 las puertas a la exploraci\u00f3n de la m\u00fasica en sus diversas dimensiones. Destacadas figuras de la escena musical internacional como Steve Albini, Los Plebes del Rancho y Jorge Drexler compartieron an\u00e9cdotas, reflexiones y experiencias, brindando a los asistentes una visi\u00f3n profunda del arte musical, sus implicaciones y sus conexiones con otras aristas de la vida.<\/p>\n\n\n\n<figure class=\"wp-block-image size-full\"><img loading=\"lazy\" decoding=\"async\" width=\"800\" height=\"533\" src=\"https:\/\/polifoniared.com\/wp-content\/uploads\/2024\/03\/DSC_0026.jpg\" alt=\"\" class=\"wp-image-324\" srcset=\"https:\/\/polifoniared.com\/wp-content\/uploads\/2024\/03\/DSC_0026.jpg 800w, https:\/\/polifoniared.com\/wp-content\/uploads\/2024\/03\/DSC_0026-300x200.jpg 300w, https:\/\/polifoniared.com\/wp-content\/uploads\/2024\/03\/DSC_0026-768x512.jpg 768w, https:\/\/polifoniared.com\/wp-content\/uploads\/2024\/03\/DSC_0026-450x300.jpg 450w\" sizes=\"auto, (max-width: 800px) 100vw, 800px\" \/><\/figure>\n\n\n\n<figure class=\"wp-block-embed is-type-rich is-provider-mixcloud wp-block-embed-mixcloud wp-embed-aspect-21-9 wp-has-aspect-ratio\"><div class=\"wp-block-embed__wrapper\">\n<iframe loading=\"lazy\" title=\"Conferencias &quot;Alcanza Nuevas Audiencias&quot; Fim Gdl 2024\" width=\"100%\" height=\"120\" src=\"https:\/\/www.mixcloud.com\/widget\/iframe\/?feed=https%3A%2F%2Fwww.mixcloud.com%2FPolifoniaRed%2Fconferencias-alcanza-nuevas-audiencias-fim-gdl-2024%2F&amp;hide_cover=1\" frameborder=\"0\"><\/iframe>\n<\/div><\/figure>\n\n\n\n<p>La participaci\u00f3n de Patti Smith merece menci\u00f3n aparte, pues no solo se hizo presente con el performance, en conjunto con Soundwalk Collective, el 28 de febrero y la exposici\u00f3n inmersiva \u2018Correspondences\u2019, que estar\u00e1 abierta al p\u00fablico de manera gratuita en la Sala 3 del CSAE hasta el 16 de marzo. Adem\u00e1s de esto, se involucr\u00f3 con la comunidad universitaria acompa\u00f1ando a cerca de 400 estudiantes en el primer recorrido de la exposici\u00f3n y a trav\u00e9s de la charla que ofreci\u00f3 el 1\u00ba de marzo en FIM GDL. Sergio Arbel\u00e1ez record\u00f3 con emoci\u00f3n el consejo que la propia Patti Smith dio al equipo de la feria para asegurar su futuro: \u201cNo tengan miedo y dejen que los j\u00f3venes los gu\u00eden\u201d.<\/p>\n\n\n\n<figure class=\"wp-block-image size-large\"><img loading=\"lazy\" decoding=\"async\" width=\"1024\" height=\"683\" src=\"https:\/\/polifoniared.com\/wp-content\/uploads\/2024\/03\/unnamed-1-1024x683.jpg\" alt=\"\" class=\"wp-image-325\" srcset=\"https:\/\/polifoniared.com\/wp-content\/uploads\/2024\/03\/unnamed-1-1024x683.jpg 1024w, https:\/\/polifoniared.com\/wp-content\/uploads\/2024\/03\/unnamed-1-300x200.jpg 300w, https:\/\/polifoniared.com\/wp-content\/uploads\/2024\/03\/unnamed-1-768x512.jpg 768w, https:\/\/polifoniared.com\/wp-content\/uploads\/2024\/03\/unnamed-1-1536x1024.jpg 1536w, https:\/\/polifoniared.com\/wp-content\/uploads\/2024\/03\/unnamed-1-2048x1365.jpg 2048w, https:\/\/polifoniared.com\/wp-content\/uploads\/2024\/03\/unnamed-1-1568x1045.jpg 1568w, https:\/\/polifoniared.com\/wp-content\/uploads\/2024\/03\/unnamed-1-450x300.jpg 450w\" sizes=\"auto, (max-width: 1024px) 100vw, 1024px\" \/><\/figure>\n\n\n\n<figure class=\"wp-block-image size-full\"><img loading=\"lazy\" decoding=\"async\" width=\"800\" height=\"533\" src=\"https:\/\/polifoniared.com\/wp-content\/uploads\/2024\/03\/DSC_0038.jpg\" alt=\"\" class=\"wp-image-326\" srcset=\"https:\/\/polifoniared.com\/wp-content\/uploads\/2024\/03\/DSC_0038.jpg 800w, https:\/\/polifoniared.com\/wp-content\/uploads\/2024\/03\/DSC_0038-300x200.jpg 300w, https:\/\/polifoniared.com\/wp-content\/uploads\/2024\/03\/DSC_0038-768x512.jpg 768w, https:\/\/polifoniared.com\/wp-content\/uploads\/2024\/03\/DSC_0038-450x300.jpg 450w\" sizes=\"auto, (max-width: 800px) 100vw, 800px\" \/><\/figure>\n\n\n\n<figure class=\"wp-block-image size-full\"><img loading=\"lazy\" decoding=\"async\" width=\"800\" height=\"533\" src=\"https:\/\/polifoniared.com\/wp-content\/uploads\/2024\/03\/DSC_0122.jpg\" alt=\"\" class=\"wp-image-327\" srcset=\"https:\/\/polifoniared.com\/wp-content\/uploads\/2024\/03\/DSC_0122.jpg 800w, https:\/\/polifoniared.com\/wp-content\/uploads\/2024\/03\/DSC_0122-300x200.jpg 300w, https:\/\/polifoniared.com\/wp-content\/uploads\/2024\/03\/DSC_0122-768x512.jpg 768w, https:\/\/polifoniared.com\/wp-content\/uploads\/2024\/03\/DSC_0122-450x300.jpg 450w\" sizes=\"auto, (max-width: 800px) 100vw, 800px\" \/><\/figure>\n\n\n\n<p>La programaci\u00f3n acad\u00e9mica no se qued\u00f3 atr\u00e1s, abordando temas cruciales como Inteligencia Artificial, derechos de autor, sincronizaci\u00f3n, m\u00fasica para publicidad, booking y la evoluci\u00f3n de los festivales mexicanos, entre muchos otros. Especialistas y representantes de instituciones y empresas destacaron la importancia de comprender el complejo entramado legal que rodea la industria musical, as\u00ed como explorar nuevas estrategias y oportunidades para su desarrollo.<\/p>\n\n\n\n<p>FIM GDL no solo fue un espacio para la reflexi\u00f3n y la apreciaci\u00f3n art\u00edstica, sino tambi\u00e9n para la consolidaci\u00f3n de relaciones profesionales. Dos nuevas asociaciones gremiales, la de Supervisores Musicales y la de Discogr\u00e1ficas Independientes Mexicanas, fueron presentadas durante la jornada, reforzando el compromiso de FIM GDL con el fortalecimiento del ecosistema musical. Estas organizaciones buscar\u00e1n generar conocimiento, captar recursos y trabajar en conjunto para promover un desarrollo equilibrado de la industria musical.<br><br>A prop\u00f3sito de este tema particular, Sergio Arbel\u00e1ez apunt\u00f3 en la conferencia de prensa: \u201cUno de los objetivos principales de FIM GDL es articular a la industria de la m\u00fasica. Bajo esa idea han surgido diversas asociaciones dentro de la feria, lo cual es de resaltar y es importante para la m\u00fasica mexicana. En esta ocasi\u00f3n, sumadas a las ya nacidas asociaci\u00f3n de managers y la red de periodistas musicales latinoamericana, se presentaron la red de supervisores musicales y la asociaci\u00f3n de discogr\u00e1ficas independientes.\u201d<\/p>\n\n\n\n<figure class=\"wp-block-embed is-type-video is-provider-youtube wp-block-embed-youtube wp-embed-aspect-16-9 wp-has-aspect-ratio\"><div class=\"wp-block-embed__wrapper\">\n<iframe loading=\"lazy\" title=\"Showcase de Marilia Monz\u00f3n en FIM GDL 2024\" width=\"640\" height=\"360\" src=\"https:\/\/www.youtube.com\/embed\/WSMGxtN73-4?feature=oembed\" frameborder=\"0\" allow=\"accelerometer; autoplay; clipboard-write; encrypted-media; gyroscope; picture-in-picture; web-share\" referrerpolicy=\"strict-origin-when-cross-origin\" allowfullscreen><\/iframe>\n<\/div><\/figure>\n\n\n\n<figure class=\"wp-block-embed is-type-video is-provider-youtube wp-block-embed-youtube wp-embed-aspect-16-9 wp-has-aspect-ratio\"><div class=\"wp-block-embed__wrapper\">\n<iframe loading=\"lazy\" title=\"Showcase The Space Ocean en FIM GDL 2024\" width=\"640\" height=\"360\" src=\"https:\/\/www.youtube.com\/embed\/Hy--tCb1GDY?feature=oembed\" frameborder=\"0\" allow=\"accelerometer; autoplay; clipboard-write; encrypted-media; gyroscope; picture-in-picture; web-share\" referrerpolicy=\"strict-origin-when-cross-origin\" allowfullscreen><\/iframe>\n<\/div><\/figure>\n\n\n\n<figure class=\"wp-block-embed is-type-video is-provider-youtube wp-block-embed-youtube wp-embed-aspect-16-9 wp-has-aspect-ratio\"><div class=\"wp-block-embed__wrapper\">\n<iframe loading=\"lazy\" title=\"Showcase de Pehuenche en FIM DGL 2024\" width=\"640\" height=\"360\" src=\"https:\/\/www.youtube.com\/embed\/aRJTWN7gzI0?feature=oembed\" frameborder=\"0\" allow=\"accelerometer; autoplay; clipboard-write; encrypted-media; gyroscope; picture-in-picture; web-share\" referrerpolicy=\"strict-origin-when-cross-origin\" allowfullscreen><\/iframe>\n<\/div><\/figure>\n\n\n\n<p>El cierre espectacular de FIM GDL lleg\u00f3 con la segunda edici\u00f3n de PortAm\u00e9rica Latitudes, un festival que uni\u00f3 m\u00fasica, gastronom\u00eda y un espect\u00e1culo de drones. Con la participaci\u00f3n de destacados m\u00fasicos como Marilia Monz\u00f3n, Nidia G\u00f3ngora, Pahua, Carlos Sadness, Jorge Drexler, Caloncho y Son Rompe Pera, el festival dej\u00f3 una impronta imborrable en la memoria de los asistentes.<\/p>\n\n\n\n<p>Nueve chefs internacionales deleitaron a los presentes con una experiencia gastron\u00f3mica \u00fanica, fusionando sabores de distintas latitudes en el Showrocking coordinado por Pepe Solla. El p\u00fablico pudo disfrutar de 18 platillos que combinaron la exquisitez de la alta cocina con la diversidad cultural de la m\u00fasica.<\/p>\n\n\n\n<figure class=\"wp-block-image size-large\"><img loading=\"lazy\" decoding=\"async\" width=\"1024\" height=\"768\" src=\"https:\/\/polifoniared.com\/wp-content\/uploads\/2024\/03\/20240302_165633-1024x768.jpg\" alt=\"\" class=\"wp-image-328\" srcset=\"https:\/\/polifoniared.com\/wp-content\/uploads\/2024\/03\/20240302_165633-1024x768.jpg 1024w, https:\/\/polifoniared.com\/wp-content\/uploads\/2024\/03\/20240302_165633-300x225.jpg 300w, https:\/\/polifoniared.com\/wp-content\/uploads\/2024\/03\/20240302_165633-768x576.jpg 768w, https:\/\/polifoniared.com\/wp-content\/uploads\/2024\/03\/20240302_165633-1536x1152.jpg 1536w, https:\/\/polifoniared.com\/wp-content\/uploads\/2024\/03\/20240302_165633-2048x1536.jpg 2048w, https:\/\/polifoniared.com\/wp-content\/uploads\/2024\/03\/20240302_165633-1568x1176.jpg 1568w, https:\/\/polifoniared.com\/wp-content\/uploads\/2024\/03\/20240302_165633-450x338.jpg 450w\" sizes=\"auto, (max-width: 1024px) 100vw, 1024px\" \/><\/figure>\n\n\n\n<figure class=\"wp-block-image size-large\"><img loading=\"lazy\" decoding=\"async\" width=\"1024\" height=\"768\" src=\"https:\/\/polifoniared.com\/wp-content\/uploads\/2024\/03\/20240302_183406-1024x768.jpg\" alt=\"\" class=\"wp-image-329\" srcset=\"https:\/\/polifoniared.com\/wp-content\/uploads\/2024\/03\/20240302_183406-1024x768.jpg 1024w, https:\/\/polifoniared.com\/wp-content\/uploads\/2024\/03\/20240302_183406-300x225.jpg 300w, https:\/\/polifoniared.com\/wp-content\/uploads\/2024\/03\/20240302_183406-768x576.jpg 768w, https:\/\/polifoniared.com\/wp-content\/uploads\/2024\/03\/20240302_183406-1536x1152.jpg 1536w, https:\/\/polifoniared.com\/wp-content\/uploads\/2024\/03\/20240302_183406-2048x1536.jpg 2048w, https:\/\/polifoniared.com\/wp-content\/uploads\/2024\/03\/20240302_183406-1568x1176.jpg 1568w, https:\/\/polifoniared.com\/wp-content\/uploads\/2024\/03\/20240302_183406-450x338.jpg 450w\" sizes=\"auto, (max-width: 1024px) 100vw, 1024px\" \/><\/figure>\n\n\n\n<figure class=\"wp-block-embed is-type-rich is-provider-mixcloud wp-block-embed-mixcloud wp-embed-aspect-21-9 wp-has-aspect-ratio\"><div class=\"wp-block-embed__wrapper\">\n<iframe loading=\"lazy\" title=\"M\u00fasica, Gastronom\u00eda E Identidad En Fim Gdl 2024\" width=\"100%\" height=\"120\" src=\"https:\/\/www.mixcloud.com\/widget\/iframe\/?feed=https%3A%2F%2Fwww.mixcloud.com%2FPolifoniaRed%2Fm%25C3%25BAsica-gastronom%25C3%25ADa-e-identidad-en-fim-gdl-2024%2F&amp;hide_cover=1\" frameborder=\"0\"><\/iframe>\n<\/div><\/figure>\n\n\n\n<p>Entre las actuaciones musicales, el cielo de Guadalajara se ilumin\u00f3 con un espect\u00e1culo de drones creado por Skylights Drone Show, compa\u00f1\u00eda originaria de la ciudad. La danza de luces en el firmamento, acompa\u00f1ada de la m\u00fasica de Jonathan Rosales, cre\u00f3 una experiencia visual \u00fanica, destacando la capacidad innovadora de FIM GDL para integrar diversas formas de arte.<\/p>\n\n\n\n<p>Kin Mart\u00ednez, Director General Portam\u00e9rica, Socio y Presidente Consultivo de FIM GDL, comparti\u00f3 en conferencia de prensa: \u201cFIM GDL es un evento que evoluciona para bien. En esta evoluci\u00f3n, lo que toca a PortAm\u00e9rica Latitudes M\u00e9xico es que llegamos a las 5 mil personas, pero es un evento que no se va a medir por la cantidad de asistentes sino por su calidad y el grado de satisfacci\u00f3n que la gente se lleva.\u201d<\/p>\n\n\n\n<figure class=\"wp-block-image size-full\"><img loading=\"lazy\" decoding=\"async\" width=\"800\" height=\"533\" src=\"https:\/\/polifoniared.com\/wp-content\/uploads\/2024\/03\/DSC_0217.jpg\" alt=\"\" class=\"wp-image-330\" srcset=\"https:\/\/polifoniared.com\/wp-content\/uploads\/2024\/03\/DSC_0217.jpg 800w, https:\/\/polifoniared.com\/wp-content\/uploads\/2024\/03\/DSC_0217-300x200.jpg 300w, https:\/\/polifoniared.com\/wp-content\/uploads\/2024\/03\/DSC_0217-768x512.jpg 768w, https:\/\/polifoniared.com\/wp-content\/uploads\/2024\/03\/DSC_0217-450x300.jpg 450w\" sizes=\"auto, (max-width: 800px) 100vw, 800px\" \/><\/figure>\n\n\n\n<figure class=\"wp-block-image size-full\"><img loading=\"lazy\" decoding=\"async\" width=\"800\" height=\"533\" src=\"https:\/\/polifoniared.com\/wp-content\/uploads\/2024\/03\/DSC_0223.jpg\" alt=\"\" class=\"wp-image-331\" srcset=\"https:\/\/polifoniared.com\/wp-content\/uploads\/2024\/03\/DSC_0223.jpg 800w, https:\/\/polifoniared.com\/wp-content\/uploads\/2024\/03\/DSC_0223-300x200.jpg 300w, https:\/\/polifoniared.com\/wp-content\/uploads\/2024\/03\/DSC_0223-768x512.jpg 768w, https:\/\/polifoniared.com\/wp-content\/uploads\/2024\/03\/DSC_0223-450x300.jpg 450w\" sizes=\"auto, (max-width: 800px) 100vw, 800px\" \/><\/figure>\n\n\n\n<p>Como evento emblem\u00e1tico de la Universidad de Guadalajara, FIM GDL continuar\u00e1 siendo un faro de inspiraci\u00f3n y aprendizaje para futuras generaciones de m\u00fasicos, profesionales de la industria y amantes de la m\u00fasica. La consolidaci\u00f3n de asociaciones gremiales, el di\u00e1logo multidisciplinario y la integraci\u00f3n de la m\u00fasica con otras formas de expresi\u00f3n cultural marcan pautas prometedoras para el futuro de la industria musical.<\/p>\n\n\n\n<p>FIM GDL agradece a los patrocinadores, profesionales de la industria, estudiantes, m\u00fasicos, chefs y a todos los asistentes por contribuir al \u00e9xito de esta novena edici\u00f3n. El esp\u00edritu de FIM GDL persistir\u00e1 hasta el pr\u00f3ximo encuentro, deseando que la m\u00fasica contin\u00fae siendo un puente que conecta culturas, inspira creatividad y genera momentos inolvidables.<\/p>\n\n\n\n<p><mark style=\"background-color:rgba(0, 0, 0, 0)\" class=\"has-inline-color has-secondary-color\">Texto cortes\u00eda<\/mark><\/p>\n\n\n\n<p><mark style=\"background-color:rgba(0, 0, 0, 0)\" class=\"has-inline-color has-primary-color\">Algunas fotos cortes\u00eda<\/mark><\/p>\n\n\n\n<p><strong><em>Videos, podcast y algunas fotos propiedad de Polifonia Red<\/em><\/strong><\/p>\n","protected":false},"excerpt":{"rendered":"<p>Entre el 28 de febrero y el 2 de marzo pasados se llev\u00f3 a cabo la 9\u00aa edici\u00f3n de la Feria Internacional de la M\u00fasica de Guadalajara (FIM GDL) en el CSAE. Tres d\u00edas de jornadas acad\u00e9micas y de negocios, el performance de Patti Smith y Soundwalk Collective y la segunda edici\u00f3n de PortAm\u00e9rica Latitudes &hellip; <\/p>\n<p class=\"link-more\"><a href=\"https:\/\/polifoniared.com\/index.php\/2024\/03\/07\/fim-gdl-2024-un-espacio-para-la-reflexion-la-colaboracion-y-el-gozo\/\" class=\"more-link\">Continuar leyendo<span class=\"screen-reader-text\"> &#8220;FIM GDL 2024: un espacio para la reflexi\u00f3n, la colaboraci\u00f3n y el gozo&#8221;<\/span><\/a><\/p>\n","protected":false},"author":1,"featured_media":333,"comment_status":"open","ping_status":"closed","sticky":false,"template":"","format":"standard","meta":{"footnotes":""},"categories":[17],"tags":[45,19,23,20,38,29],"class_list":["post-319","post","type-post","status-publish","format-standard","has-post-thumbnail","hentry","category-musica","tag-arte","tag-conciertos","tag-cultura","tag-entrevistas","tag-latino","tag-musica","entry"],"_links":{"self":[{"href":"https:\/\/polifoniared.com\/index.php\/wp-json\/wp\/v2\/posts\/319","targetHints":{"allow":["GET"]}}],"collection":[{"href":"https:\/\/polifoniared.com\/index.php\/wp-json\/wp\/v2\/posts"}],"about":[{"href":"https:\/\/polifoniared.com\/index.php\/wp-json\/wp\/v2\/types\/post"}],"author":[{"embeddable":true,"href":"https:\/\/polifoniared.com\/index.php\/wp-json\/wp\/v2\/users\/1"}],"replies":[{"embeddable":true,"href":"https:\/\/polifoniared.com\/index.php\/wp-json\/wp\/v2\/comments?post=319"}],"version-history":[{"count":3,"href":"https:\/\/polifoniared.com\/index.php\/wp-json\/wp\/v2\/posts\/319\/revisions"}],"predecessor-version":[{"id":344,"href":"https:\/\/polifoniared.com\/index.php\/wp-json\/wp\/v2\/posts\/319\/revisions\/344"}],"wp:featuredmedia":[{"embeddable":true,"href":"https:\/\/polifoniared.com\/index.php\/wp-json\/wp\/v2\/media\/333"}],"wp:attachment":[{"href":"https:\/\/polifoniared.com\/index.php\/wp-json\/wp\/v2\/media?parent=319"}],"wp:term":[{"taxonomy":"category","embeddable":true,"href":"https:\/\/polifoniared.com\/index.php\/wp-json\/wp\/v2\/categories?post=319"},{"taxonomy":"post_tag","embeddable":true,"href":"https:\/\/polifoniared.com\/index.php\/wp-json\/wp\/v2\/tags?post=319"}],"curies":[{"name":"wp","href":"https:\/\/api.w.org\/{rel}","templated":true}]}}