{"id":337,"date":"2024-05-20T15:40:22","date_gmt":"2024-05-20T15:40:22","guid":{"rendered":"https:\/\/polifoniared.com\/?p=337"},"modified":"2024-05-20T15:42:27","modified_gmt":"2024-05-20T15:42:27","slug":"esperanza-106-el-concierto-que-reune-talento-joven-para-conmemorar-al-teatro-de-la-ciudad-esperanza-iris","status":"publish","type":"post","link":"https:\/\/polifoniared.com\/index.php\/2024\/05\/20\/esperanza-106-el-concierto-que-reune-talento-joven-para-conmemorar-al-teatro-de-la-ciudad-esperanza-iris\/","title":{"rendered":"Esperanza 106 el concierto que re\u00fane talento joven para conmemorar al Teatro de la Ciudad\u00a0 Esperanza Iris."},"content":{"rendered":"\n<figure class=\"wp-block-image size-large\"><img loading=\"lazy\" decoding=\"async\" width=\"1024\" height=\"683\" src=\"https:\/\/polifoniared.com\/wp-content\/uploads\/2024\/05\/IMG_1999-1024x683.jpg\" alt=\"\" class=\"wp-image-338\" srcset=\"https:\/\/polifoniared.com\/wp-content\/uploads\/2024\/05\/IMG_1999-1024x683.jpg 1024w, https:\/\/polifoniared.com\/wp-content\/uploads\/2024\/05\/IMG_1999-300x200.jpg 300w, https:\/\/polifoniared.com\/wp-content\/uploads\/2024\/05\/IMG_1999-768x512.jpg 768w, https:\/\/polifoniared.com\/wp-content\/uploads\/2024\/05\/IMG_1999-1536x1024.jpg 1536w, https:\/\/polifoniared.com\/wp-content\/uploads\/2024\/05\/IMG_1999-2048x1365.jpg 2048w, https:\/\/polifoniared.com\/wp-content\/uploads\/2024\/05\/IMG_1999-1568x1045.jpg 1568w, https:\/\/polifoniared.com\/wp-content\/uploads\/2024\/05\/IMG_1999-450x300.jpg 450w\" sizes=\"auto, (max-width: 1024px) 100vw, 1024px\" \/><\/figure>\n\n\n\n<p>Desde su fundaci\u00f3n y con m\u00e1s de cien a\u00f1os de historia, el <strong>Teatro de la Ciudad\u00a0 Esperanza Iris <\/strong> se ha convertido en el espacio vanguardista que ha albergado a toda manifestaci\u00f3n art\u00edstica y cultural, esto  desde lo cl\u00e1sico a lo contempor\u00e1neo.<\/p>\n\n\n\n<p>Con el motivo de celebrar su 106 aniversario , el emblem\u00e1tico recinto de Donceles ofrecer\u00e1 un concierto con propuesta que re\u00fane a talento joven y as\u00ed enaltecer su legado. Este es un festejo a la diversidad que desde el 25 de mayo de 1918 que abri\u00f3 sus puertas y desde entonces ha existido una diversidad de m\u00fasicos que han pisado su escenario.<\/p>\n\n\n\n<figure class=\"wp-block-image size-large\"><img loading=\"lazy\" decoding=\"async\" width=\"1024\" height=\"683\" src=\"https:\/\/polifoniared.com\/wp-content\/uploads\/2024\/05\/IMG_1995-1024x683.jpg\" alt=\"\" class=\"wp-image-339\" srcset=\"https:\/\/polifoniared.com\/wp-content\/uploads\/2024\/05\/IMG_1995-1024x683.jpg 1024w, https:\/\/polifoniared.com\/wp-content\/uploads\/2024\/05\/IMG_1995-300x200.jpg 300w, https:\/\/polifoniared.com\/wp-content\/uploads\/2024\/05\/IMG_1995-768x512.jpg 768w, https:\/\/polifoniared.com\/wp-content\/uploads\/2024\/05\/IMG_1995-1536x1024.jpg 1536w, https:\/\/polifoniared.com\/wp-content\/uploads\/2024\/05\/IMG_1995-2048x1365.jpg 2048w, https:\/\/polifoniared.com\/wp-content\/uploads\/2024\/05\/IMG_1995-1568x1045.jpg 1568w, https:\/\/polifoniared.com\/wp-content\/uploads\/2024\/05\/IMG_1995-450x300.jpg 450w\" sizes=\"auto, (max-width: 1024px) 100vw, 1024px\" \/><\/figure>\n\n\n\n<p>Por ende el s\u00e1bado 25 de mayo se realizar\u00e1 el concierto con los artistas <strong>Sim\u00f3n Grosmman , Pehuenhe, Renee Mooi y Leiden<\/strong>, quienes reflejan estas propuestas con estilos diversos que se unir\u00e1n sobre el escenario. Ofrecer\u00e1n paisajes sonoros , con fusiones y ritmos latinoamericanos, esto para generar una experiencia inolvidable para deleitar a su p\u00fablico.<\/p>\n\n\n\n<p>Sobre los artistas:<\/p>\n\n\n\n<p><strong>Sim\u00f3n Grosmann <\/strong>edit\u00f3 su primer \u00e1lbum <em>Ciclo ( 2017) <\/em>; posteriormente <em>Mujer El\u00e9ctrica<\/em>&nbsp; y <em>Bah\u00eda Margarita <\/em>; as\u00ed como dos discos cortos: <em>Triste pero Fresh <\/em>y <em>Mostely Fresh<\/em>.<\/p>\n\n\n\n<p><strong>Pehuenche <\/strong>es el proyecto del cantante mexicano Rafael Mesa , el cual consta con una trayectoria de una d\u00e9cada y se ha presentado en los festivales m\u00e1s relevantes como Machaca Fest, Bahidor\u00e1 , Tecate Comuna o SXSV.<\/p>\n\n\n\n<figure class=\"wp-block-image size-large\"><img loading=\"lazy\" decoding=\"async\" width=\"1024\" height=\"683\" src=\"https:\/\/polifoniared.com\/wp-content\/uploads\/2024\/05\/IMG_1991-1024x683.jpg\" alt=\"\" class=\"wp-image-340\" srcset=\"https:\/\/polifoniared.com\/wp-content\/uploads\/2024\/05\/IMG_1991-1024x683.jpg 1024w, https:\/\/polifoniared.com\/wp-content\/uploads\/2024\/05\/IMG_1991-300x200.jpg 300w, https:\/\/polifoniared.com\/wp-content\/uploads\/2024\/05\/IMG_1991-768x512.jpg 768w, https:\/\/polifoniared.com\/wp-content\/uploads\/2024\/05\/IMG_1991-1536x1024.jpg 1536w, https:\/\/polifoniared.com\/wp-content\/uploads\/2024\/05\/IMG_1991-2048x1365.jpg 2048w, https:\/\/polifoniared.com\/wp-content\/uploads\/2024\/05\/IMG_1991-1568x1045.jpg 1568w, https:\/\/polifoniared.com\/wp-content\/uploads\/2024\/05\/IMG_1991-450x300.jpg 450w\" sizes=\"auto, (max-width: 1024px) 100vw, 1024px\" \/><\/figure>\n\n\n\n<p>La cantante , compositora , promotora musical <strong>Renee Mooi <\/strong>utiliza la m\u00fasica para generar una conexi\u00f3n\u00a0 al recurrir a instrumentos prehisp\u00e1nicos con influencias pop y electr\u00f3nicas.<\/p>\n\n\n\n<p><strong>Leiden <\/strong>, cantautora, activista y produtora mexicana-cubana , ofrece en su propuesta las ra\u00edces latinas con ritmos contempor\u00e1neos. Es directora y fundadora del sello Jueves , primer sello de mujeres en la m\u00fasica en nuetro pa\u00eds.<\/p>\n\n\n\n<p><strong>Esperanza 106: Sim\u00f3n Grosmman + Pehuenhe+ Renee Mooi + Leiden <\/strong>se llevar\u00e1 a cabo el pr\u00f3ximo <strong>s\u00e1bado 25 de mayo , a las 18:00 horas \u00a0en el Teatro de la Ciudad Esperanza Iris. <\/strong>Boletos a la venta.<\/p>\n\n\n\n<figure class=\"wp-block-image size-large\"><img loading=\"lazy\" decoding=\"async\" width=\"1024\" height=\"683\" src=\"https:\/\/polifoniared.com\/wp-content\/uploads\/2024\/05\/IMG_2013-1024x683.jpg\" alt=\"\" class=\"wp-image-341\" srcset=\"https:\/\/polifoniared.com\/wp-content\/uploads\/2024\/05\/IMG_2013-1024x683.jpg 1024w, https:\/\/polifoniared.com\/wp-content\/uploads\/2024\/05\/IMG_2013-300x200.jpg 300w, https:\/\/polifoniared.com\/wp-content\/uploads\/2024\/05\/IMG_2013-768x512.jpg 768w, https:\/\/polifoniared.com\/wp-content\/uploads\/2024\/05\/IMG_2013-1536x1024.jpg 1536w, https:\/\/polifoniared.com\/wp-content\/uploads\/2024\/05\/IMG_2013-2048x1365.jpg 2048w, https:\/\/polifoniared.com\/wp-content\/uploads\/2024\/05\/IMG_2013-1568x1045.jpg 1568w, https:\/\/polifoniared.com\/wp-content\/uploads\/2024\/05\/IMG_2013-450x300.jpg 450w\" sizes=\"auto, (max-width: 1024px) 100vw, 1024px\" \/><\/figure>\n\n\n\n<p>Por Diego V\u00e1zquez <\/p>\n\n\n\n<p class=\"has-secondary-background-color has-background\">foto portada cortes\u00eda<\/p>\n","protected":false},"excerpt":{"rendered":"<p>Desde su fundaci\u00f3n y con m\u00e1s de cien a\u00f1os de historia, el Teatro de la Ciudad\u00a0 Esperanza Iris se ha convertido en el espacio vanguardista que ha albergado a toda manifestaci\u00f3n art\u00edstica y cultural, esto desde lo cl\u00e1sico a lo contempor\u00e1neo. Con el motivo de celebrar su 106 aniversario , el emblem\u00e1tico recinto de Donceles &hellip; <\/p>\n<p class=\"link-more\"><a href=\"https:\/\/polifoniared.com\/index.php\/2024\/05\/20\/esperanza-106-el-concierto-que-reune-talento-joven-para-conmemorar-al-teatro-de-la-ciudad-esperanza-iris\/\" class=\"more-link\">Continuar leyendo<span class=\"screen-reader-text\"> &#8220;Esperanza 106 el concierto que re\u00fane talento joven para conmemorar al Teatro de la Ciudad\u00a0 Esperanza Iris.&#8221;<\/span><\/a><\/p>\n","protected":false},"author":1,"featured_media":342,"comment_status":"open","ping_status":"closed","sticky":false,"template":"","format":"standard","meta":{"footnotes":""},"categories":[17],"tags":[19,23,22,33],"class_list":["post-337","post","type-post","status-publish","format-standard","has-post-thumbnail","hentry","category-musica","tag-conciertos","tag-cultura","tag-mexico","tag-mujeres","entry"],"_links":{"self":[{"href":"https:\/\/polifoniared.com\/index.php\/wp-json\/wp\/v2\/posts\/337","targetHints":{"allow":["GET"]}}],"collection":[{"href":"https:\/\/polifoniared.com\/index.php\/wp-json\/wp\/v2\/posts"}],"about":[{"href":"https:\/\/polifoniared.com\/index.php\/wp-json\/wp\/v2\/types\/post"}],"author":[{"embeddable":true,"href":"https:\/\/polifoniared.com\/index.php\/wp-json\/wp\/v2\/users\/1"}],"replies":[{"embeddable":true,"href":"https:\/\/polifoniared.com\/index.php\/wp-json\/wp\/v2\/comments?post=337"}],"version-history":[{"count":1,"href":"https:\/\/polifoniared.com\/index.php\/wp-json\/wp\/v2\/posts\/337\/revisions"}],"predecessor-version":[{"id":343,"href":"https:\/\/polifoniared.com\/index.php\/wp-json\/wp\/v2\/posts\/337\/revisions\/343"}],"wp:featuredmedia":[{"embeddable":true,"href":"https:\/\/polifoniared.com\/index.php\/wp-json\/wp\/v2\/media\/342"}],"wp:attachment":[{"href":"https:\/\/polifoniared.com\/index.php\/wp-json\/wp\/v2\/media?parent=337"}],"wp:term":[{"taxonomy":"category","embeddable":true,"href":"https:\/\/polifoniared.com\/index.php\/wp-json\/wp\/v2\/categories?post=337"},{"taxonomy":"post_tag","embeddable":true,"href":"https:\/\/polifoniared.com\/index.php\/wp-json\/wp\/v2\/tags?post=337"}],"curies":[{"name":"wp","href":"https:\/\/api.w.org\/{rel}","templated":true}]}}