{"id":36,"date":"2021-10-14T15:25:00","date_gmt":"2021-10-14T15:25:00","guid":{"rendered":"https:\/\/polifoniared.com\/?p=36"},"modified":"2021-10-14T15:53:00","modified_gmt":"2021-10-14T15:53:00","slug":"fimpro-2021-dio-inicio-a-sus-actividades","status":"publish","type":"post","link":"https:\/\/polifoniared.com\/index.php\/2021\/10\/14\/fimpro-2021-dio-inicio-a-sus-actividades\/","title":{"rendered":"FIMPRO 2021 dio inicio a sus actividades."},"content":{"rendered":"\n<figure class=\"wp-block-image size-large is-resized\"><img loading=\"lazy\" decoding=\"async\" src=\"https:\/\/polifoniared.com\/wp-content\/uploads\/2021\/10\/inauguracin-fimpro-2021_51587445492_o-1024x683.jpg\" alt=\"\" class=\"wp-image-37\" width=\"759\" height=\"506\" srcset=\"https:\/\/polifoniared.com\/wp-content\/uploads\/2021\/10\/inauguracin-fimpro-2021_51587445492_o-1024x683.jpg 1024w, https:\/\/polifoniared.com\/wp-content\/uploads\/2021\/10\/inauguracin-fimpro-2021_51587445492_o-300x200.jpg 300w, https:\/\/polifoniared.com\/wp-content\/uploads\/2021\/10\/inauguracin-fimpro-2021_51587445492_o-768x512.jpg 768w, https:\/\/polifoniared.com\/wp-content\/uploads\/2021\/10\/inauguracin-fimpro-2021_51587445492_o-1536x1024.jpg 1536w, https:\/\/polifoniared.com\/wp-content\/uploads\/2021\/10\/inauguracin-fimpro-2021_51587445492_o-2048x1365.jpg 2048w, https:\/\/polifoniared.com\/wp-content\/uploads\/2021\/10\/inauguracin-fimpro-2021_51587445492_o-1568x1045.jpg 1568w, https:\/\/polifoniared.com\/wp-content\/uploads\/2021\/10\/inauguracin-fimpro-2021_51587445492_o-450x300.jpg 450w\" sizes=\"auto, (max-width: 759px) 100vw, 759px\" \/><\/figure>\n\n\n\n<p class=\"has-text-align-center\">Este mi\u00e9rcoles 14 de octubre dio inicio la s\u00e9ptima edici\u00f3n de la Feria Internacional de M\u00fasica para Profesionales (FIMPRO), teniendo como sede el Conjunto Santander de Artes Esc\u00e9nicas en Guadalajara, Jalisco. A lo largo de su primera jornada, lxs participantes se integraron a un programa que, en esta ocasi\u00f3n, combin\u00f3 actividades presenciales y virtuales como encuentros, paneles de discusi\u00f3n, showcases, la ceremonia oficial de inauguraci\u00f3n y la entrega del reconocimiento M\u00fasica M\u00e9xico a la Transformaci\u00f3n Social.<\/p>\n\n\n\n<p>La jornada dio comienzo con una serie de actividades virtuales transmitidas a trav\u00e9s del sitio oficial de FIMPRO, siendo la primera de ellas la presentaci\u00f3n del programa EQUAL, iniciativa lanzada por la alianza entre Spotify, Now Girls Rule! y la propia FIMPRO. El objetivo de este programa es el de abrir los espacios necesarios para que el trabajo de las mujeres logre destacar. Moderado por Elis Paprika, fundadora de Now Girls Rule!, EQUAL fue revelando sus caracter\u00edsticas a trav\u00e9s de la propia experiencia de tres mujeres que ya forman parte del programa: Sof\u00eda Reyes, Carolina Ross e Hispana.<\/p>\n\n\n\n<figure class=\"wp-block-image size-large\"><img loading=\"lazy\" decoding=\"async\" width=\"1024\" height=\"683\" src=\"https:\/\/polifoniared.com\/wp-content\/uploads\/2021\/10\/inauguracin-fimpro-2021_51587441262_o-1024x683.jpg\" alt=\"\" class=\"wp-image-38\" srcset=\"https:\/\/polifoniared.com\/wp-content\/uploads\/2021\/10\/inauguracin-fimpro-2021_51587441262_o-1024x683.jpg 1024w, https:\/\/polifoniared.com\/wp-content\/uploads\/2021\/10\/inauguracin-fimpro-2021_51587441262_o-300x200.jpg 300w, https:\/\/polifoniared.com\/wp-content\/uploads\/2021\/10\/inauguracin-fimpro-2021_51587441262_o-768x512.jpg 768w, https:\/\/polifoniared.com\/wp-content\/uploads\/2021\/10\/inauguracin-fimpro-2021_51587441262_o-1536x1024.jpg 1536w, https:\/\/polifoniared.com\/wp-content\/uploads\/2021\/10\/inauguracin-fimpro-2021_51587441262_o-2048x1365.jpg 2048w, https:\/\/polifoniared.com\/wp-content\/uploads\/2021\/10\/inauguracin-fimpro-2021_51587441262_o-1568x1045.jpg 1568w, https:\/\/polifoniared.com\/wp-content\/uploads\/2021\/10\/inauguracin-fimpro-2021_51587441262_o-450x300.jpg 450w\" sizes=\"auto, (max-width: 1024px) 100vw, 1024px\" \/><\/figure>\n\n\n\n<figure class=\"wp-block-image size-large\"><img loading=\"lazy\" decoding=\"async\" width=\"683\" height=\"1024\" src=\"https:\/\/polifoniared.com\/wp-content\/uploads\/2021\/10\/inauguracin-fimpro-2021_51587445337_o-683x1024.jpg\" alt=\"\" class=\"wp-image-39\" srcset=\"https:\/\/polifoniared.com\/wp-content\/uploads\/2021\/10\/inauguracin-fimpro-2021_51587445337_o-683x1024.jpg 683w, https:\/\/polifoniared.com\/wp-content\/uploads\/2021\/10\/inauguracin-fimpro-2021_51587445337_o-200x300.jpg 200w, https:\/\/polifoniared.com\/wp-content\/uploads\/2021\/10\/inauguracin-fimpro-2021_51587445337_o-768x1152.jpg 768w, https:\/\/polifoniared.com\/wp-content\/uploads\/2021\/10\/inauguracin-fimpro-2021_51587445337_o-1024x1536.jpg 1024w, https:\/\/polifoniared.com\/wp-content\/uploads\/2021\/10\/inauguracin-fimpro-2021_51587445337_o-1365x2048.jpg 1365w, https:\/\/polifoniared.com\/wp-content\/uploads\/2021\/10\/inauguracin-fimpro-2021_51587445337_o-1568x2352.jpg 1568w, https:\/\/polifoniared.com\/wp-content\/uploads\/2021\/10\/inauguracin-fimpro-2021_51587445337_o-450x675.jpg 450w, https:\/\/polifoniared.com\/wp-content\/uploads\/2021\/10\/inauguracin-fimpro-2021_51587445337_o-scaled.jpg 1707w\" sizes=\"auto, (max-width: 683px) 100vw, 683px\" \/><\/figure>\n\n\n\n<figure class=\"wp-block-image size-large\"><img loading=\"lazy\" decoding=\"async\" width=\"1024\" height=\"683\" src=\"https:\/\/polifoniared.com\/wp-content\/uploads\/2021\/10\/inauguracin-fimpro-2021_51589178045_o-1024x683.jpg\" alt=\"\" class=\"wp-image-40\" srcset=\"https:\/\/polifoniared.com\/wp-content\/uploads\/2021\/10\/inauguracin-fimpro-2021_51589178045_o-1024x683.jpg 1024w, https:\/\/polifoniared.com\/wp-content\/uploads\/2021\/10\/inauguracin-fimpro-2021_51589178045_o-300x200.jpg 300w, https:\/\/polifoniared.com\/wp-content\/uploads\/2021\/10\/inauguracin-fimpro-2021_51589178045_o-768x512.jpg 768w, https:\/\/polifoniared.com\/wp-content\/uploads\/2021\/10\/inauguracin-fimpro-2021_51589178045_o-1536x1024.jpg 1536w, https:\/\/polifoniared.com\/wp-content\/uploads\/2021\/10\/inauguracin-fimpro-2021_51589178045_o-2048x1365.jpg 2048w, https:\/\/polifoniared.com\/wp-content\/uploads\/2021\/10\/inauguracin-fimpro-2021_51589178045_o-1568x1045.jpg 1568w, https:\/\/polifoniared.com\/wp-content\/uploads\/2021\/10\/inauguracin-fimpro-2021_51589178045_o-450x300.jpg 450w\" sizes=\"auto, (max-width: 1024px) 100vw, 1024px\" \/><\/figure>\n\n\n\n<p>Durante el panel, las artistas no solo agradecieron las acciones de EQUAL para impulsar su trabajo, sino que manifestaron las dificultades a las que se han enfrentado durante su carrera y aportaron ideas sobre las v\u00edas \u00f3ptimas para lograr que la industria musical pueda convertirse en un ramo con equidad de g\u00e9nero. En palabras de la rapera Hispana, el futuro exige derrumbar la falsa idea de que las mujeres compiten entre ellas: \u201cCero competencia, tenemos que apoyarnos. Todo esto que alguna vez no nos dej\u00f3 cumplir nuestro sue\u00f1o, hay que romperlo.\u201d<\/p>\n\n\n\n<p>Como segunda actividad del d\u00eda, el periodista musical Miguel Sol\u00eds sostuvo una profunda y personal entrevista con Bruno Axel, m\u00fasico multifac\u00e9tico que ha sabido quebrar las fronteras trazadas entre la m\u00fasica popular y la acad\u00e9mica. A la luz de las actuales condiciones, ahondaron en el importante papel que la m\u00fasica ha jugado durante la pandemia, as\u00ed como analizaron la revaloraci\u00f3n de esta disciplina art\u00edstica como motor de cambios personales y sociales.<\/p>\n\n\n\n<figure class=\"wp-block-image size-large\"><img loading=\"lazy\" decoding=\"async\" width=\"1024\" height=\"683\" src=\"https:\/\/polifoniared.com\/wp-content\/uploads\/2021\/10\/inauguracin-fimpro-2021_51587442797_o-1024x683.jpg\" alt=\"\" class=\"wp-image-41\" srcset=\"https:\/\/polifoniared.com\/wp-content\/uploads\/2021\/10\/inauguracin-fimpro-2021_51587442797_o-1024x683.jpg 1024w, https:\/\/polifoniared.com\/wp-content\/uploads\/2021\/10\/inauguracin-fimpro-2021_51587442797_o-300x200.jpg 300w, https:\/\/polifoniared.com\/wp-content\/uploads\/2021\/10\/inauguracin-fimpro-2021_51587442797_o-768x512.jpg 768w, https:\/\/polifoniared.com\/wp-content\/uploads\/2021\/10\/inauguracin-fimpro-2021_51587442797_o-1536x1024.jpg 1536w, https:\/\/polifoniared.com\/wp-content\/uploads\/2021\/10\/inauguracin-fimpro-2021_51587442797_o-2048x1365.jpg 2048w, https:\/\/polifoniared.com\/wp-content\/uploads\/2021\/10\/inauguracin-fimpro-2021_51587442797_o-1568x1045.jpg 1568w, https:\/\/polifoniared.com\/wp-content\/uploads\/2021\/10\/inauguracin-fimpro-2021_51587442797_o-450x300.jpg 450w\" sizes=\"auto, (max-width: 1024px) 100vw, 1024px\" \/><\/figure>\n\n\n\n<figure class=\"wp-block-image size-large\"><img loading=\"lazy\" decoding=\"async\" width=\"1024\" height=\"683\" src=\"https:\/\/polifoniared.com\/wp-content\/uploads\/2021\/10\/inauguracin-fimpro-2021_51587444672_o-1024x683.jpg\" alt=\"\" class=\"wp-image-42\" srcset=\"https:\/\/polifoniared.com\/wp-content\/uploads\/2021\/10\/inauguracin-fimpro-2021_51587444672_o-1024x683.jpg 1024w, https:\/\/polifoniared.com\/wp-content\/uploads\/2021\/10\/inauguracin-fimpro-2021_51587444672_o-300x200.jpg 300w, https:\/\/polifoniared.com\/wp-content\/uploads\/2021\/10\/inauguracin-fimpro-2021_51587444672_o-768x512.jpg 768w, https:\/\/polifoniared.com\/wp-content\/uploads\/2021\/10\/inauguracin-fimpro-2021_51587444672_o-1536x1024.jpg 1536w, https:\/\/polifoniared.com\/wp-content\/uploads\/2021\/10\/inauguracin-fimpro-2021_51587444672_o-2048x1365.jpg 2048w, https:\/\/polifoniared.com\/wp-content\/uploads\/2021\/10\/inauguracin-fimpro-2021_51587444672_o-1568x1045.jpg 1568w, https:\/\/polifoniared.com\/wp-content\/uploads\/2021\/10\/inauguracin-fimpro-2021_51587444672_o-450x300.jpg 450w\" sizes=\"auto, (max-width: 1024px) 100vw, 1024px\" \/><\/figure>\n\n\n\n<figure class=\"wp-block-image size-large\"><img loading=\"lazy\" decoding=\"async\" width=\"1024\" height=\"683\" src=\"https:\/\/polifoniared.com\/wp-content\/uploads\/2021\/10\/inauguracin-fimpro-2021_51587445057_o-1024x683.jpg\" alt=\"\" class=\"wp-image-43\" srcset=\"https:\/\/polifoniared.com\/wp-content\/uploads\/2021\/10\/inauguracin-fimpro-2021_51587445057_o-1024x683.jpg 1024w, https:\/\/polifoniared.com\/wp-content\/uploads\/2021\/10\/inauguracin-fimpro-2021_51587445057_o-300x200.jpg 300w, https:\/\/polifoniared.com\/wp-content\/uploads\/2021\/10\/inauguracin-fimpro-2021_51587445057_o-768x512.jpg 768w, https:\/\/polifoniared.com\/wp-content\/uploads\/2021\/10\/inauguracin-fimpro-2021_51587445057_o-1536x1024.jpg 1536w, https:\/\/polifoniared.com\/wp-content\/uploads\/2021\/10\/inauguracin-fimpro-2021_51587445057_o-2048x1365.jpg 2048w, https:\/\/polifoniared.com\/wp-content\/uploads\/2021\/10\/inauguracin-fimpro-2021_51587445057_o-1568x1045.jpg 1568w, https:\/\/polifoniared.com\/wp-content\/uploads\/2021\/10\/inauguracin-fimpro-2021_51587445057_o-450x300.jpg 450w\" sizes=\"auto, (max-width: 1024px) 100vw, 1024px\" \/><\/figure>\n\n\n\n<p>Un tercer panel, moderado por Patricia Carrera, llev\u00f3 al p\u00fablico a un interesante recorrido por los desarrollos tecnol\u00f3gicos aplicados a la m\u00fasica, particularmente los asociados a la Inteligencia Artificial. A lo largo de este espacio, el especialista Omar L\u00f3pez Rinc\u00f3n detall\u00f3 las diferencias entre el uso de big data y las implementaciones de IA en rubros como, por ejemplo, la composici\u00f3n, presentando una canci\u00f3n compuesta por IA creado por el propio Omar, como un regalo exclusivo para FIMPRO y quienes hacen parte de esta feria.<\/p>\n\n\n\n<p>Finalmente, las actividades virtuales cerraron con la participaci\u00f3n de Chilem\u00fasica, marca sectorial chilena que present\u00f3 el libro&nbsp;<em>Canciones de lejos. Complicidades musicales entre M\u00e9xico y Chile<\/em>. El volumen de la Editorial de la Universidad de Guadalajara recorre, desde la perspectiva de 15 especialistas, los lazos que se han tendido en una relaci\u00f3n tan longeva como fruct\u00edfera.<\/p>\n\n\n\n<p>Entrada la tarde, las actividades presenciales dieron comienzo con el Encuentro de Periodistas Musicales, coordinado por Natalia Szendro y Enrique Blanc. Durante cerca de hora y media, periodistas de M\u00e9xico, Colombia y Estados Unidos compartieron las reflexiones y experiencias profesionales a las que se han enfrentado desde el comienzo de la pandemia, as\u00ed como los retos que, como gremio, deber\u00e1n superar en el futuro inmediato; futuro que est\u00e1 marcado por la sobresaturaci\u00f3n de la oferta musical grabada, la intensa reactivaci\u00f3n de los espect\u00e1culos en vivo y la falta de profesionalizaci\u00f3n en el \u00e1mbito.<\/p>\n\n\n\n<figure class=\"wp-block-image size-large\"><img loading=\"lazy\" decoding=\"async\" width=\"1024\" height=\"683\" src=\"https:\/\/polifoniared.com\/wp-content\/uploads\/2021\/10\/inauguracin-fimpro-2021_51588936604_o-1024x683.jpg\" alt=\"\" class=\"wp-image-44\" srcset=\"https:\/\/polifoniared.com\/wp-content\/uploads\/2021\/10\/inauguracin-fimpro-2021_51588936604_o-1024x683.jpg 1024w, https:\/\/polifoniared.com\/wp-content\/uploads\/2021\/10\/inauguracin-fimpro-2021_51588936604_o-300x200.jpg 300w, https:\/\/polifoniared.com\/wp-content\/uploads\/2021\/10\/inauguracin-fimpro-2021_51588936604_o-768x512.jpg 768w, https:\/\/polifoniared.com\/wp-content\/uploads\/2021\/10\/inauguracin-fimpro-2021_51588936604_o-1536x1024.jpg 1536w, https:\/\/polifoniared.com\/wp-content\/uploads\/2021\/10\/inauguracin-fimpro-2021_51588936604_o-2048x1365.jpg 2048w, https:\/\/polifoniared.com\/wp-content\/uploads\/2021\/10\/inauguracin-fimpro-2021_51588936604_o-1568x1045.jpg 1568w, https:\/\/polifoniared.com\/wp-content\/uploads\/2021\/10\/inauguracin-fimpro-2021_51588936604_o-450x300.jpg 450w\" sizes=\"auto, (max-width: 1024px) 100vw, 1024px\" \/><\/figure>\n\n\n\n<figure class=\"wp-block-image size-large\"><img loading=\"lazy\" decoding=\"async\" width=\"1024\" height=\"683\" src=\"https:\/\/polifoniared.com\/wp-content\/uploads\/2021\/10\/inauguracin-fimpro-2021_51588937354_o-1024x683.jpg\" alt=\"\" class=\"wp-image-45\" srcset=\"https:\/\/polifoniared.com\/wp-content\/uploads\/2021\/10\/inauguracin-fimpro-2021_51588937354_o-1024x683.jpg 1024w, https:\/\/polifoniared.com\/wp-content\/uploads\/2021\/10\/inauguracin-fimpro-2021_51588937354_o-300x200.jpg 300w, https:\/\/polifoniared.com\/wp-content\/uploads\/2021\/10\/inauguracin-fimpro-2021_51588937354_o-768x512.jpg 768w, https:\/\/polifoniared.com\/wp-content\/uploads\/2021\/10\/inauguracin-fimpro-2021_51588937354_o-1536x1024.jpg 1536w, https:\/\/polifoniared.com\/wp-content\/uploads\/2021\/10\/inauguracin-fimpro-2021_51588937354_o-2048x1365.jpg 2048w, https:\/\/polifoniared.com\/wp-content\/uploads\/2021\/10\/inauguracin-fimpro-2021_51588937354_o-1568x1045.jpg 1568w, https:\/\/polifoniared.com\/wp-content\/uploads\/2021\/10\/inauguracin-fimpro-2021_51588937354_o-450x300.jpg 450w\" sizes=\"auto, (max-width: 1024px) 100vw, 1024px\" \/><\/figure>\n\n\n\n<figure class=\"wp-block-image size-large\"><img loading=\"lazy\" decoding=\"async\" width=\"1024\" height=\"683\" src=\"https:\/\/polifoniared.com\/wp-content\/uploads\/2021\/10\/inauguracin-fimpro-2021_51589174350_o-1024x683.jpg\" alt=\"\" class=\"wp-image-46\" srcset=\"https:\/\/polifoniared.com\/wp-content\/uploads\/2021\/10\/inauguracin-fimpro-2021_51589174350_o-1024x683.jpg 1024w, https:\/\/polifoniared.com\/wp-content\/uploads\/2021\/10\/inauguracin-fimpro-2021_51589174350_o-300x200.jpg 300w, https:\/\/polifoniared.com\/wp-content\/uploads\/2021\/10\/inauguracin-fimpro-2021_51589174350_o-768x512.jpg 768w, https:\/\/polifoniared.com\/wp-content\/uploads\/2021\/10\/inauguracin-fimpro-2021_51589174350_o-1536x1024.jpg 1536w, https:\/\/polifoniared.com\/wp-content\/uploads\/2021\/10\/inauguracin-fimpro-2021_51589174350_o-2048x1365.jpg 2048w, https:\/\/polifoniared.com\/wp-content\/uploads\/2021\/10\/inauguracin-fimpro-2021_51589174350_o-1568x1045.jpg 1568w, https:\/\/polifoniared.com\/wp-content\/uploads\/2021\/10\/inauguracin-fimpro-2021_51589174350_o-450x300.jpg 450w\" sizes=\"auto, (max-width: 1024px) 100vw, 1024px\" \/><\/figure>\n\n\n\n<figure class=\"wp-block-image size-large\"><img loading=\"lazy\" decoding=\"async\" width=\"1024\" height=\"683\" src=\"https:\/\/polifoniared.com\/wp-content\/uploads\/2021\/10\/inauguracin-fimpro-2021_51588938954_o-1024x683.jpg\" alt=\"\" class=\"wp-image-47\" srcset=\"https:\/\/polifoniared.com\/wp-content\/uploads\/2021\/10\/inauguracin-fimpro-2021_51588938954_o-1024x683.jpg 1024w, https:\/\/polifoniared.com\/wp-content\/uploads\/2021\/10\/inauguracin-fimpro-2021_51588938954_o-300x200.jpg 300w, https:\/\/polifoniared.com\/wp-content\/uploads\/2021\/10\/inauguracin-fimpro-2021_51588938954_o-768x512.jpg 768w, https:\/\/polifoniared.com\/wp-content\/uploads\/2021\/10\/inauguracin-fimpro-2021_51588938954_o-1536x1024.jpg 1536w, https:\/\/polifoniared.com\/wp-content\/uploads\/2021\/10\/inauguracin-fimpro-2021_51588938954_o-2048x1365.jpg 2048w, https:\/\/polifoniared.com\/wp-content\/uploads\/2021\/10\/inauguracin-fimpro-2021_51588938954_o-1568x1045.jpg 1568w, https:\/\/polifoniared.com\/wp-content\/uploads\/2021\/10\/inauguracin-fimpro-2021_51588938954_o-450x300.jpg 450w\" sizes=\"auto, (max-width: 1024px) 100vw, 1024px\" \/><\/figure>\n\n\n\n<p>Finalmente, esta primera jornada de FIMPRO 2021 cerr\u00f3 con la ceremonia oficial de inauguraci\u00f3n, en la que Sara Valenzuela fungi\u00f3 como presentadora. En su papel como Director de la Coordinaci\u00f3n de Producci\u00f3n y Difusi\u00f3n Musical de la UdeG, Sergio Ram\u00edrez celebr\u00f3 la presencia de los asistentes, as\u00ed como los esfuerzos del equipo organizador mientras que, como Director de FIMPRO, Sergio Arbel\u00e1ez detall\u00f3 las actividades a realizarse entre el 13 y el 15 de octubre, subrayando la relevancia del encuentro: \u201cEncontrarnos es la misi\u00f3n de hoy. Y recoger informaci\u00f3n sobre la industria. Necesitamos saber d\u00f3nde estamos y crear comunidad dentro de la industria musical\u201d, se\u00f1al\u00f3.<\/p>\n\n\n\n<p>La palabra fue cedida al Director de la Asociaci\u00f3n Mexicana de Productores de Fonogramas y Videogramas (AMPROFON), Guillermo Gonz\u00e1lez King, quien relat\u00f3 a los asistentes c\u00f3mo, en respuesta a la pandemia, se conform\u00f3 la iniciativa M\u00fasica M\u00e9xico Covid-19. Como cierre del acto, Gonz\u00e1lez King hizo la entrega del 1er Reconocimiento M\u00fasica M\u00e9xico, otorgado a Caloncho y la agencia Altiplano, en virtud de las diversas actividades ambientales en las que se involucraron junto con sus fans a lo largo de 2019 y 2020.<\/p>\n\n\n\n<figure class=\"wp-block-image size-large\"><img loading=\"lazy\" decoding=\"async\" width=\"1024\" height=\"683\" src=\"https:\/\/polifoniared.com\/wp-content\/uploads\/2021\/10\/inauguracin-fimpro-2021_51589175370_o-1024x683.jpg\" alt=\"\" class=\"wp-image-48\" srcset=\"https:\/\/polifoniared.com\/wp-content\/uploads\/2021\/10\/inauguracin-fimpro-2021_51589175370_o-1024x683.jpg 1024w, https:\/\/polifoniared.com\/wp-content\/uploads\/2021\/10\/inauguracin-fimpro-2021_51589175370_o-300x200.jpg 300w, https:\/\/polifoniared.com\/wp-content\/uploads\/2021\/10\/inauguracin-fimpro-2021_51589175370_o-768x512.jpg 768w, https:\/\/polifoniared.com\/wp-content\/uploads\/2021\/10\/inauguracin-fimpro-2021_51589175370_o-1536x1024.jpg 1536w, https:\/\/polifoniared.com\/wp-content\/uploads\/2021\/10\/inauguracin-fimpro-2021_51589175370_o-2048x1365.jpg 2048w, https:\/\/polifoniared.com\/wp-content\/uploads\/2021\/10\/inauguracin-fimpro-2021_51589175370_o-1568x1045.jpg 1568w, https:\/\/polifoniared.com\/wp-content\/uploads\/2021\/10\/inauguracin-fimpro-2021_51589175370_o-450x300.jpg 450w\" sizes=\"auto, (max-width: 1024px) 100vw, 1024px\" \/><\/figure>\n\n\n\n<figure class=\"wp-block-image size-large\"><img loading=\"lazy\" decoding=\"async\" width=\"1024\" height=\"683\" src=\"https:\/\/polifoniared.com\/wp-content\/uploads\/2021\/10\/inauguracin-fimpro-2021_51589177675_o-1024x683.jpg\" alt=\"\" class=\"wp-image-49\" srcset=\"https:\/\/polifoniared.com\/wp-content\/uploads\/2021\/10\/inauguracin-fimpro-2021_51589177675_o-1024x683.jpg 1024w, https:\/\/polifoniared.com\/wp-content\/uploads\/2021\/10\/inauguracin-fimpro-2021_51589177675_o-300x200.jpg 300w, https:\/\/polifoniared.com\/wp-content\/uploads\/2021\/10\/inauguracin-fimpro-2021_51589177675_o-768x512.jpg 768w, https:\/\/polifoniared.com\/wp-content\/uploads\/2021\/10\/inauguracin-fimpro-2021_51589177675_o-1536x1024.jpg 1536w, https:\/\/polifoniared.com\/wp-content\/uploads\/2021\/10\/inauguracin-fimpro-2021_51589177675_o-2048x1365.jpg 2048w, https:\/\/polifoniared.com\/wp-content\/uploads\/2021\/10\/inauguracin-fimpro-2021_51589177675_o-1568x1045.jpg 1568w, https:\/\/polifoniared.com\/wp-content\/uploads\/2021\/10\/inauguracin-fimpro-2021_51589177675_o-450x300.jpg 450w\" sizes=\"auto, (max-width: 1024px) 100vw, 1024px\" \/><\/figure>\n\n\n\n<figure class=\"wp-block-image size-large\"><img loading=\"lazy\" decoding=\"async\" width=\"1024\" height=\"683\" src=\"https:\/\/polifoniared.com\/wp-content\/uploads\/2021\/10\/inauguracin-fimpro-2021_51589176530_o-1024x683.jpg\" alt=\"\" class=\"wp-image-50\" srcset=\"https:\/\/polifoniared.com\/wp-content\/uploads\/2021\/10\/inauguracin-fimpro-2021_51589176530_o-1024x683.jpg 1024w, https:\/\/polifoniared.com\/wp-content\/uploads\/2021\/10\/inauguracin-fimpro-2021_51589176530_o-300x200.jpg 300w, https:\/\/polifoniared.com\/wp-content\/uploads\/2021\/10\/inauguracin-fimpro-2021_51589176530_o-768x512.jpg 768w, https:\/\/polifoniared.com\/wp-content\/uploads\/2021\/10\/inauguracin-fimpro-2021_51589176530_o-1536x1024.jpg 1536w, https:\/\/polifoniared.com\/wp-content\/uploads\/2021\/10\/inauguracin-fimpro-2021_51589176530_o-2048x1365.jpg 2048w, https:\/\/polifoniared.com\/wp-content\/uploads\/2021\/10\/inauguracin-fimpro-2021_51589176530_o-1568x1045.jpg 1568w, https:\/\/polifoniared.com\/wp-content\/uploads\/2021\/10\/inauguracin-fimpro-2021_51589176530_o-450x300.jpg 450w\" sizes=\"auto, (max-width: 1024px) 100vw, 1024px\" \/><\/figure>\n\n\n\n<p>Como no pod\u00eda faltar la m\u00fasica en vivo durante el reencuentro, los asistentes disfrutaron los showcases de Yorka, el dueto chileno conformado por las hermanas Pastenes, y el proyecto de la cantante Nancy S\u00e1nchez, quien se hizo acompa\u00f1ar por m\u00fasicos locales para compartir sus canciones. Con protocolos sanitarios de estricta vigilancia y con el profundo sentimiento de las amistades que se reencuentran despu\u00e9s de meses de distanciamiento, FIMPRO dio inicio a una edici\u00f3n que no solo ser\u00e1 recordada por su \u00e1nimo sensible, sino por un particular cambio de visi\u00f3n global: uno en el que la m\u00fasica ser\u00e1 motor de cambios en la sociedad.<\/p>\n\n\n\n<p><em><strong>Informaci\u00f3n y fotos cortes\u00eda de Naci\u00f3n Imago &#8211; Conjunto Santander<\/strong><\/em><\/p>\n","protected":false},"excerpt":{"rendered":"<p>Este mi\u00e9rcoles 14 de octubre dio inicio la s\u00e9ptima edici\u00f3n de la Feria Internacional de M\u00fasica para Profesionales (FIMPRO), teniendo como sede el Conjunto Santander de Artes Esc\u00e9nicas en Guadalajara, Jalisco. A lo largo de su primera jornada, lxs participantes se integraron a un programa que, en esta ocasi\u00f3n, combin\u00f3 actividades presenciales y virtuales como &hellip; <\/p>\n<p class=\"link-more\"><a href=\"https:\/\/polifoniared.com\/index.php\/2021\/10\/14\/fimpro-2021-dio-inicio-a-sus-actividades\/\" class=\"more-link\">Continuar leyendo<span class=\"screen-reader-text\"> &#8220;FIMPRO 2021 dio inicio a sus actividades.&#8221;<\/span><\/a><\/p>\n","protected":false},"author":1,"featured_media":37,"comment_status":"open","ping_status":"closed","sticky":false,"template":"","format":"standard","meta":{"footnotes":""},"categories":[17],"tags":[19,23,20,18,22,24,21],"class_list":["post-36","post","type-post","status-publish","format-standard","has-post-thumbnail","hentry","category-musica","tag-conciertos","tag-cultura","tag-entrevistas","tag-festival","tag-mexico","tag-pop","tag-presentaciones","entry"],"_links":{"self":[{"href":"https:\/\/polifoniared.com\/index.php\/wp-json\/wp\/v2\/posts\/36","targetHints":{"allow":["GET"]}}],"collection":[{"href":"https:\/\/polifoniared.com\/index.php\/wp-json\/wp\/v2\/posts"}],"about":[{"href":"https:\/\/polifoniared.com\/index.php\/wp-json\/wp\/v2\/types\/post"}],"author":[{"embeddable":true,"href":"https:\/\/polifoniared.com\/index.php\/wp-json\/wp\/v2\/users\/1"}],"replies":[{"embeddable":true,"href":"https:\/\/polifoniared.com\/index.php\/wp-json\/wp\/v2\/comments?post=36"}],"version-history":[{"count":1,"href":"https:\/\/polifoniared.com\/index.php\/wp-json\/wp\/v2\/posts\/36\/revisions"}],"predecessor-version":[{"id":51,"href":"https:\/\/polifoniared.com\/index.php\/wp-json\/wp\/v2\/posts\/36\/revisions\/51"}],"wp:featuredmedia":[{"embeddable":true,"href":"https:\/\/polifoniared.com\/index.php\/wp-json\/wp\/v2\/media\/37"}],"wp:attachment":[{"href":"https:\/\/polifoniared.com\/index.php\/wp-json\/wp\/v2\/media?parent=36"}],"wp:term":[{"taxonomy":"category","embeddable":true,"href":"https:\/\/polifoniared.com\/index.php\/wp-json\/wp\/v2\/categories?post=36"},{"taxonomy":"post_tag","embeddable":true,"href":"https:\/\/polifoniared.com\/index.php\/wp-json\/wp\/v2\/tags?post=36"}],"curies":[{"name":"wp","href":"https:\/\/api.w.org\/{rel}","templated":true}]}}